{"id":981,"date":"2021-03-30T08:16:17","date_gmt":"2021-03-30T11:16:17","guid":{"rendered":"https:\/\/coloquioeducon.com\/xv\/?p=981"},"modified":"2021-03-30T08:16:17","modified_gmt":"2021-03-30T11:16:17","slug":"dilson-cavalcanti","status":"publish","type":"post","link":"https:\/\/coloquioeducon.com\/xvii\/2021\/03\/30\/dilson-cavalcanti\/","title":{"rendered":"Dilson Cavalcanti"},"content":{"rendered":"\n<figure class=\"wp-block-pullquote\"><blockquote><p><strong>Licenciado em Matem\u00e1tica. Especialista em Educa\u00e7\u00e3o Matem\u00e1tica. Mestre e Doutor em Ensino de Ci\u00eancias e Matem\u00e1tica. Professor do\u00a0<em>Campus<\/em>\u00a0Agreste da Universidade Federal de Pernambuco. Coordenador do Programa de P\u00f3s-Gradua\u00e7\u00e3o em Educa\u00e7\u00e3o em Ci\u00eancias e Matem\u00e1tica; Coordenador do N\u00facleo de Pesquisa da Rela\u00e7\u00e3o ao Saber (NUPERES).<\/strong><\/p><\/blockquote><\/figure>\n\n\n\n<ul class=\"wp-block-list\"><li>Pa\u00eds:\u00a0<strong>Brasil<\/strong><\/li><li>Institui\u00e7\u00e3o:\u00a0<strong>Universidade Federal de Pernambuco<\/strong><\/li><li>Orcid:\u00a0<a rel=\"noreferrer noopener\" href=\"https:\/\/orcid.org\/0000-0002-6125-3867\" data-type=\"URL\" data-id=\"https:\/\/orcid.org\/0000-0002-6125-3867\" target=\"_blank\">orcid.org\/0000-0002-6125-3867<\/a><\/li><li>Lattes:\u00a0<a rel=\"noreferrer noopener\" href=\"http:\/\/lattes.cnpq.br\/7001668802091435\" data-type=\"URL\" data-id=\"http:\/\/lattes.cnpq.br\/7001668802091435\" target=\"_blank\">lattes.cnpq.br\/7001668802091435<\/a><\/li><li><em>Sites<\/em>: <a href=\"https:\/\/www.researchgate.net\/profile\/Dilson-Cavalcanti\">https:\/\/www.researchgate.net\/profile\/Dilson-Cavalcanti<\/a> ; <a href=\"https:\/\/ufpe.academia.edu\/dilsoncavalcanti\">https:\/\/ufpe.academia.edu\/dilsoncavalcanti<\/a> <\/li><li>Participa\u00e7\u00e3o:\u00a0<strong>Conferencista<\/strong>, <strong>Membro da Comiss\u00e3o Organizadora<\/strong> e <strong>da Comiss\u00e3o Cient\u00edfica<\/strong>.<\/li><li>Mesa-redonda Internacional:\u00a0<strong><em>Investigaciones sobre la relaci\u00f3n con el saber en las Am\u00e9ricas.\u201d<\/em><\/strong><\/li><li>Data:\u00a0<strong>22\/9\/2021<\/strong><\/li><li>Hor\u00e1rio:\u00a0<strong>15h30-17h00<\/strong><\/li><\/ul>\n","protected":false},"excerpt":{"rendered":"<p>Licenciado em Matem\u00e1tica. Especialista em Educa\u00e7\u00e3o Matem\u00e1tica. Mestre e Doutor em Ensino de Ci\u00eancias e Matem\u00e1tica. Professor do\u00a0Campus\u00a0Agreste da Universidade [&hellip;]<\/p>\n","protected":false},"author":1,"featured_media":982,"comment_status":"open","ping_status":"open","sticky":false,"template":"","format":"standard","meta":{"site-sidebar-layout":"default","site-content-layout":"","ast-site-content-layout":"default","site-content-style":"default","site-sidebar-style":"default","ast-global-header-display":"","ast-banner-title-visibility":"","ast-main-header-display":"","ast-hfb-above-header-display":"","ast-hfb-below-header-display":"","ast-hfb-mobile-header-display":"","site-post-title":"","ast-breadcrumbs-content":"","ast-featured-img":"","footer-sml-layout":"","theme-transparent-header-meta":"","adv-header-id-meta":"","stick-header-meta":"","header-above-stick-meta":"","header-main-stick-meta":"","header-below-stick-meta":"","astra-migrate-meta-layouts":"default","ast-page-background-enabled":"default","ast-page-background-meta":{"desktop":{"background-color":"var(--ast-global-color-5)","background-image":"","background-repeat":"repeat","background-position":"center center","background-size":"auto","background-attachment":"scroll","background-type":"","background-media":"","overlay-type":"","overlay-color":"","overlay-opacity":"","overlay-gradient":""},"tablet":{"background-color":"","background-image":"","background-repeat":"repeat","background-position":"center center","background-size":"auto","background-attachment":"scroll","background-type":"","background-media":"","overlay-type":"","overlay-color":"","overlay-opacity":"","overlay-gradient":""},"mobile":{"background-color":"","background-image":"","background-repeat":"repeat","background-position":"center center","background-size":"auto","background-attachment":"scroll","background-type":"","background-media":"","overlay-type":"","overlay-color":"","overlay-opacity":"","overlay-gradient":""}},"ast-content-background-meta":{"desktop":{"background-color":"var(--ast-global-color-4)","background-image":"","background-repeat":"repeat","background-position":"center center","background-size":"auto","background-attachment":"scroll","background-type":"","background-media":"","overlay-type":"","overlay-color":"","overlay-opacity":"","overlay-gradient":""},"tablet":{"background-color":"var(--ast-global-color-4)","background-image":"","background-repeat":"repeat","background-position":"center center","background-size":"auto","background-attachment":"scroll","background-type":"","background-media":"","overlay-type":"","overlay-color":"","overlay-opacity":"","overlay-gradient":""},"mobile":{"background-color":"var(--ast-global-color-4)","background-image":"","background-repeat":"repeat","background-position":"center center","background-size":"auto","background-attachment":"scroll","background-type":"","background-media":"","overlay-type":"","overlay-color":"","overlay-opacity":"","overlay-gradient":""}},"footnotes":""},"categories":[4,6],"tags":[25,42,47,85,86,90,104,119,221],"class_list":["post-981","post","type-post","status-publish","format-standard","has-post-thumbnail","hentry","category-conferencista","category-equipe","tag-22-9-2021-manha","tag-5-ensino-de-matematica-e-ciencias-da-natureza","tag-9-relacao-com-o-saber","tag-comissao-cientifica-educon2021","tag-comissao-organizadora-educon2021","tag-conferencista-educon2021","tag-dilson-cavalcanti","tag-educon2021","tag-ufpe"],"_links":{"self":[{"href":"https:\/\/coloquioeducon.com\/xvii\/wp-json\/wp\/v2\/posts\/981","targetHints":{"allow":["GET"]}}],"collection":[{"href":"https:\/\/coloquioeducon.com\/xvii\/wp-json\/wp\/v2\/posts"}],"about":[{"href":"https:\/\/coloquioeducon.com\/xvii\/wp-json\/wp\/v2\/types\/post"}],"author":[{"embeddable":true,"href":"https:\/\/coloquioeducon.com\/xvii\/wp-json\/wp\/v2\/users\/1"}],"replies":[{"embeddable":true,"href":"https:\/\/coloquioeducon.com\/xvii\/wp-json\/wp\/v2\/comments?post=981"}],"version-history":[{"count":0,"href":"https:\/\/coloquioeducon.com\/xvii\/wp-json\/wp\/v2\/posts\/981\/revisions"}],"wp:featuredmedia":[{"embeddable":true,"href":"https:\/\/coloquioeducon.com\/xvii\/wp-json\/wp\/v2\/media\/982"}],"wp:attachment":[{"href":"https:\/\/coloquioeducon.com\/xvii\/wp-json\/wp\/v2\/media?parent=981"}],"wp:term":[{"taxonomy":"category","embeddable":true,"href":"https:\/\/coloquioeducon.com\/xvii\/wp-json\/wp\/v2\/categories?post=981"},{"taxonomy":"post_tag","embeddable":true,"href":"https:\/\/coloquioeducon.com\/xvii\/wp-json\/wp\/v2\/tags?post=981"}],"curies":[{"name":"wp","href":"https:\/\/api.w.org\/{rel}","templated":true}]}}