{"id":946,"date":"2021-03-28T11:43:02","date_gmt":"2021-03-28T14:43:02","guid":{"rendered":"https:\/\/coloquioeducon.com\/xv\/?p=946"},"modified":"2021-03-28T11:43:02","modified_gmt":"2021-03-28T14:43:02","slug":"e-book-2021-1","status":"publish","type":"post","link":"https:\/\/coloquioeducon.com\/xvii\/2021\/03\/28\/e-book-2021-1\/","title":{"rendered":"Publica\u00e7\u00e3o especial:  Livro  do Educon"},"content":{"rendered":"\n<figure class=\"wp-block-embed-youtube wp-block-embed is-type-video is-provider-youtube wp-embed-aspect-16-9 wp-has-aspect-ratio\"><div class=\"wp-block-embed__wrapper\">\n<div class=\"ast-oembed-container \" style=\"height: 100%;\"><iframe title=\"Lan\u00e7amento de Livro - 10\/4\/2021 [EDUCON 2021] #XVEducon #Educon2021 #EuvouEducon2021\" width=\"500\" height=\"281\" src=\"https:\/\/www.youtube.com\/embed\/0wtdrF2K1EA?feature=oembed\" frameborder=\"0\" allow=\"accelerometer; autoplay; clipboard-write; encrypted-media; gyroscope; picture-in-picture; web-share\" referrerpolicy=\"strict-origin-when-cross-origin\" allowfullscreen><\/iframe><\/div>\n<\/div><\/figure>\n\n\n\n<p class=\"has-text-align-left\">Ol\u00e1, estimado Pesquisador(a)!<br>Esperamos que voc\u00ea esteja bem!&nbsp;\ud83d\ude42<br><br>Anunciamos, com muita alegria, uma maravilhosa novidade: a publica\u00e7\u00e3o da obra &#8220;<em><strong>Educa\u00e7\u00e3o, doc\u00eancia e interdisciplinaridade: os m\u00faltiplos caminhos da rela\u00e7\u00e3o com o saber<\/strong><\/em>&#8220;, fruto da constru\u00e7\u00e3o coletiva de participantes do \u00faltimo Col\u00f3quio Internacional Educa\u00e7\u00e3o e Contemporaneidade.<br><br>Diante das v\u00e1rias mudan\u00e7as sociais, econ\u00f4micas, ambientais, educacionais ocorridas no \u00e2mbito mundial decorrentes do fator COVID-19, debater sobre a educa\u00e7\u00e3o, a rela\u00e7\u00e3o com o saber, intercalando v\u00e1rias \u00e1reas do conhecimento, nunca foi t\u00e3o importante. Assim, o Grupo de Estudos e Pesquisas \u201cEduca\u00e7\u00e3o e Contemporaneidade\u201d (EDUCON\/CNPq\/UFS), vem contribuir com a divulga\u00e7\u00e3o e a promo\u00e7\u00e3o da ci\u00eancia e da pesquisa no \u00e2mbito da Educa\u00e7\u00e3o e em \u00e1reas afins, por meio deste <em>e-book<\/em>, que, em sua segunda edi\u00e7\u00e3o, tem a honra de reunir e de apresentar obras que tratam sobre EDUCA\u00c7\u00c3O, DOC\u00caNCIA e INTERDISCIPLINARIDADE, destacando os m\u00faltiplos caminhos das rela\u00e7\u00f5es estabelecidas a partir dessas mudan\u00e7as com o saber.<\/p>\n\n\n\n<div class=\"wp-block-file aligncenter\"><a href=\"https:\/\/coloquioeducon.com\/xvi\/wp-content\/uploads\/2021\/03\/E-book_Educon_2021_Publicado-1.pdf\">Baixe seu <em>e-book<\/em> aqui!<\/a><\/div>\n\n\n\n<p class=\"has-text-align-left\">Comunicamos que <strong>ser\u00e1 realizada uma sess\u00e3o oficial de lan\u00e7amento da obra com todos os autores, <em>on-line<\/em>, transmitida no\u00a0canal\u00a0do Col\u00f3quio Educon no YouTube, no dia 10 de abril de 2021 \u00e0s 17 horas.  [<em><a rel=\"noreferrer noopener\" href=\"https:\/\/www.youtube.com\/channel\/UCtucaQGnty51FVarAQ-8--w\" data-type=\"URL\" data-id=\"https:\/\/www.youtube.com\/channel\/UCtucaQGnty51FVarAQ-8--w\" target=\"_blank\">j\u00e1 fez sua inscri\u00e7\u00e3o no canal?<\/a><\/em>].<\/strong> <\/p>\n\n\n\n<p class=\"has-text-align-left\">O livro foi organizado pelos colaboradores <a rel=\"noreferrer noopener\" href=\"https:\/\/coloquioeducon.com\/xv\/yan-capua-charlot\/\" data-type=\"URL\" data-id=\"https:\/\/coloquioeducon.com\/xv\/yan-capua-charlot\/\" target=\"_blank\">Yan Capua Charlot<\/a>, <a rel=\"noreferrer noopener\" href=\"https:\/\/coloquioeducon.com\/xv\/alana-vasconcelos\/\" data-type=\"URL\" data-id=\"https:\/\/coloquioeducon.com\/xv\/alana-vasconcelos\/\" target=\"_blank\">Alana Vasconcelos<\/a> e <a rel=\"noreferrer noopener\" href=\"https:\/\/coloquioeducon.com\/xv\/carla-sasset\/\" data-type=\"URL\" data-id=\"https:\/\/coloquioeducon.com\/xv\/carla-sasset\/\" target=\"_blank\">Carla Sasset<\/a> e editorado pela <a rel=\"noreferrer noopener\" href=\"https:\/\/editoracriacao.com.br\/\" data-type=\"URL\" data-id=\"https:\/\/editoracriacao.com.br\/\" target=\"_blank\">Cria\u00e7\u00e3o Editora<\/a>, parceira do Col\u00f3quio nas \u00faltimas publica\u00e7\u00f5es e nas que vir\u00e3o em 2021, por meio do XV Col\u00f3quio Internacional Educa\u00e7\u00e3o e Contemporaneidade, que j\u00e1 se encontra com <strong>pr\u00e9-inscri\u00e7\u00f5es abertas<\/strong>!<\/p>\n\n\n\n<div class=\"wp-block-buttons aligncenter is-layout-flex wp-block-buttons-is-layout-flex\">\n<div class=\"wp-block-button is-style-fill\"><a class=\"wp-block-button__link\" href=\"https:\/\/coloquioeducon.com\/xv\/pre-inscricao\/\" target=\"_blank\" rel=\"noreferrer noopener\">fa\u00e7a a sua pr\u00e9-inscri\u00e7\u00e3o!<\/a><\/div>\n<\/div>\n\n\n\n<p class=\"has-text-align-center\">Siga-nos nas redes sociais para ficar por dentro desta e de in\u00fameras outras novidades!<\/p>\n\n\n\n<p class=\"has-text-align-center\">Sucesso e boa leitura!<\/p>\n\n\n\n<hr class=\"wp-block-separator is-style-default\"\/>\n\n\n\n<h2 class=\"has-text-align-center wp-block-heading\"><strong>Cap\u00edtulos<\/strong><\/h2>\n\n\n\n<p><strong><em><span class=\"has-inline-color has-accent-color\">1<\/span> Pandemia e Educa\u00e7\u00e3o: Vulnerabilidade Social e Direitos<br>Humanos<\/em><\/strong><br>Elisangela Oliveira de Santana<\/p>\n\n\n\n<p><strong><em><span class=\"has-inline-color has-accent-color\">2 <\/span>Gest\u00e3o na Sala de Aula: Saberes e Diretrizes Docentes<br><\/em><\/strong>Wilvania Carvalho de Souza Paiva<br>Eunice Maria da Silva<\/p>\n\n\n\n<p><em><strong><span class=\"has-inline-color has-accent-color\">3 <\/span>Pr\u00e1ticas Pedag\u00f3gicas Poss\u00edveis para a Escola do S\u00e9culo XXI: Reflex\u00f5es a partir do Estado do Conhecimento<\/strong><br><\/em>Caroline Luisa Ludwig F\u00fchr<br>Jaqueline Moll<\/p>\n\n\n\n<p><em><strong><span class=\"has-inline-color has-accent-color\">4<\/span> Torne-se Professor e Aumente sua Renda: A Influ\u00eancia do Discurso na Pr\u00e1tica Docente<\/strong><br><\/em>Denise Aparecida de Paulo Ribeiro Leppos<\/p>\n\n\n\n<p><strong><em><span class=\"has-inline-color has-accent-color\">5<\/span> Revisitando Buckingham: Participa\u00e7\u00e3o, Colabora\u00e7\u00e3o e Educa\u00e7\u00e3o<br>Formal<\/em><\/strong><br>Rafaela Salemme Bolsarin Biazotti<\/p>\n\n\n\n<p><strong><em><span class=\"has-inline-color has-accent-color\">6 <\/span>Forma\u00e7\u00e3o Inicial e Pr\u00e1tica Docente: Constitui\u00e7\u00e3o do Professor de<br>L\u00edngua Portuguesa<\/em><\/strong><br>Juliane de Carvalho Correia<br>Luciene Souza Santos<\/p>\n\n\n\n<p><strong><em><span class=\"has-inline-color has-accent-color\">7 <\/span>O Planejamento Participativo na Educa\u00e7\u00e3o F\u00edsica Escolar: limites e possibilidades para reconhecimento de saberes<\/em><\/strong><br>Cyntia Emanuelle Souza Lima<br>Emmanuelle Cynthia Ferreira da Silva<br>Luiz Sanches Neto<br>Luciana Ven\u00e2ncio<\/p>\n\n\n\n<p><strong><em><span class=\"has-inline-color has-accent-color\">8 <\/span>Educa\u00e7\u00e3o Especial e Inclusiva: Interlocu\u00e7\u00e3o Necess\u00e1ria Para a<br>Forma\u00e7\u00e3o Docente<\/em><\/strong><br>Sendy Torres Pereira<\/p>\n\n\n\n<p><strong><em><span class=\"has-inline-color has-accent-color\">9 <\/span>Contexto e Pretextos na Educa\u00e7\u00e3o do Aluno com TEA<\/em><\/strong><br>R\u00fabia Silva Santos<br>Eunice Maria da Silva<\/p>\n\n\n\n<p><strong><em><span class=\"has-inline-color has-accent-color\">10<\/span> \u00c0 Luz que se Vela: Por Que Conte\u00fados t\u00e3o \u201cAcesos\u201d em nossas Vidas s\u00e3o Apagados do Curr\u00edculo?<\/em><\/strong><br>Gilberto de Ara\u00fajo Moreira<\/p>\n\n\n\n<p><strong><em><span class=\"has-inline-color has-accent-color\">11<\/span> Reflex\u00f5es sobre Pr\u00e1ticas Curriculares e Saberes Hist\u00f3ricos: um<br>Di\u00e1logo acerca da Hist\u00f3ria Local no Processo de Aprendizagem<\/em><\/strong><br>Fernanda de Souza Lima<\/p>\n\n\n\n<p><strong><em><span class=\"has-inline-color has-accent-color\">12 <\/span>A Escola e a Produ\u00e7\u00e3o Cultural: o Brincar nas Pr\u00e1ticas em<br>Institui\u00e7\u00f5es de Educa\u00e7\u00e3o Infantil<\/em><\/strong><br>Janice Anacleto Pereira dos Reis<\/p>\n\n\n\n<p><strong><em><span class=\"has-inline-color has-accent-color\">13 <\/span>O Planejamento Participativo e as Rela\u00e7\u00f5es com os Saberes:<br>Narrativas de Crian\u00e7as na Educa\u00e7\u00e3o (F\u00edsica) Infantil<\/em><\/strong><br>Emmanuelle Cynthia da Silva Ferreira<br>Cyntia Emanuelle Souza Lima<br>Luiz Sanches Neto<br>Luciana Ven\u00e2ncio<\/p>\n\n\n\n<p><strong><em><span class=\"has-inline-color has-accent-color\">14 <\/span>As Crian\u00e7as entre o Brincar e o Estudar: Caminho para o<br>Desenvolvimento Emocional, Cognitivo e Social em Creches<\/em><\/strong><br>Matheus Luamm Santos Formiga Bispo<\/p>\n\n\n\n<p><strong><em><span class=\"has-inline-color has-accent-color\">15<\/span> Ensino de Qu\u00edmica: Uma Abordagem Sist\u00eamica e Contextualizada<br>atrav\u00e9s da Lente Integradora de Edgar Morin<\/em><\/strong><br>Maria Din\u00e1 Pereira dos Santos<br>Leticia Caetano da Silva<br>Willian Fernando Domingues Vilela<\/p>\n\n\n\n<p><em><strong><span class=\"has-inline-color has-accent-color\">16<\/span> Rela\u00e7\u00e3o com o Saber e Arte na Escola em Tempo Integral<br><\/strong><\/em>Maria Celeste Reis Fernandes de Souza<br>Valdic\u00e9lio Martins dos Santos<\/p>\n\n\n\n<p><em><strong><span class=\"has-inline-color has-accent-color\">17<\/span> Interdisciplinaridade e Sapateado na Forma\u00e7\u00e3o Docente: Um<br>Di\u00e1logo Poss\u00edvel no Curso de Licenciatura em Dan\u00e7a da UFPA<\/strong><\/em><br>Larissa Melo Chaves<br>Rita Ferreira de Aquino<\/p>\n\n\n\n<p><em><strong><span class=\"has-inline-color has-accent-color\">18<\/span> Ensino de Leitura atrav\u00e9s de Textos Jornal\u00edsticos de Tem\u00e1tica<br>Ambiental<\/strong><\/em><br>Maria Clara Cavalcanti<br>Mirella Emily Bezerra Santana<br>Anna Luisa Santos Carvalho<\/p>\n\n\n\n<p><em><strong><span class=\"has-inline-color has-accent-color\">19<\/span> A Pol\u00edtica Afirmativa de Cotas: Um Olhar a Partir de Mecanismos de<br>Acesso e Perman\u00eancia no Ensino Superior<\/strong><\/em><br>Chanauana de Azevedo Canci<br>Jaqueline Moll<\/p>\n\n\n\n<p><em><strong><span class=\"has-inline-color has-accent-color\">20 <\/span>Funda\u00e7\u00f5es P\u00fablicas da Bahia, Sergipe e Alagoas: an\u00e1lise sobre<br>o apoio ao desenvolvimento cient\u00edfico durante os anos de 2014 a<br>2016<\/strong><\/em><br>Weslany Thaise Lins Prud\u00eancio<br>Rafaella Vitoria Silva de Carvalho<br>Maria da Concei\u00e7\u00e3o Vasconcelos Gon\u00e7alves<\/p>\n\n\n\n<p><em><strong><span class=\"has-inline-color has-accent-color\">21<\/span> P\u00f3s-Gradua\u00e7\u00e3o em Servi\u00e7o Social, Pesquisa, Produ\u00e7\u00e3o de<br>Conhecimento: an\u00e1lise de disserta\u00e7\u00f5es<\/strong><\/em><br>Ana Carolyna Ribeiro Sales<br>Marcelo Santos do Nascimento<br>Maria da Concei\u00e7\u00e3o Vasconcelos Gon\u00e7alves<\/p>\n","protected":false},"excerpt":{"rendered":"<p>Ol\u00e1, estimado Pesquisador(a)!Esperamos que voc\u00ea esteja bem!&nbsp;\ud83d\ude42 Anunciamos, com muita alegria, uma maravilhosa novidade: a publica\u00e7\u00e3o da obra &#8220;Educa\u00e7\u00e3o, doc\u00eancia [&hellip;]<\/p>\n","protected":false},"author":3,"featured_media":998,"comment_status":"open","ping_status":"open","sticky":false,"template":"","format":"standard","meta":{"site-sidebar-layout":"default","site-content-layout":"","ast-site-content-layout":"default","site-content-style":"default","site-sidebar-style":"default","ast-global-header-display":"","ast-banner-title-visibility":"","ast-main-header-display":"","ast-hfb-above-header-display":"","ast-hfb-below-header-display":"","ast-hfb-mobile-header-display":"","site-post-title":"","ast-breadcrumbs-content":"","ast-featured-img":"","footer-sml-layout":"","theme-transparent-header-meta":"","adv-header-id-meta":"","stick-header-meta":"","header-above-stick-meta":"","header-main-stick-meta":"","header-below-stick-meta":"","astra-migrate-meta-layouts":"default","ast-page-background-enabled":"default","ast-page-background-meta":{"desktop":{"background-color":"var(--ast-global-color-5)","background-image":"","background-repeat":"repeat","background-position":"center center","background-size":"auto","background-attachment":"scroll","background-type":"","background-media":"","overlay-type":"","overlay-color":"","overlay-opacity":"","overlay-gradient":""},"tablet":{"background-color":"","background-image":"","background-repeat":"repeat","background-position":"center center","background-size":"auto","background-attachment":"scroll","background-type":"","background-media":"","overlay-type":"","overlay-color":"","overlay-opacity":"","overlay-gradient":""},"mobile":{"background-color":"","background-image":"","background-repeat":"repeat","background-position":"center center","background-size":"auto","background-attachment":"scroll","background-type":"","background-media":"","overlay-type":"","overlay-color":"","overlay-opacity":"","overlay-gradient":""}},"ast-content-background-meta":{"desktop":{"background-color":"var(--ast-global-color-4)","background-image":"","background-repeat":"repeat","background-position":"center center","background-size":"auto","background-attachment":"scroll","background-type":"","background-media":"","overlay-type":"","overlay-color":"","overlay-opacity":"","overlay-gradient":""},"tablet":{"background-color":"var(--ast-global-color-4)","background-image":"","background-repeat":"repeat","background-position":"center center","background-size":"auto","background-attachment":"scroll","background-type":"","background-media":"","overlay-type":"","overlay-color":"","overlay-opacity":"","overlay-gradient":""},"mobile":{"background-color":"var(--ast-global-color-4)","background-image":"","background-repeat":"repeat","background-position":"center center","background-size":"auto","background-attachment":"scroll","background-type":"","background-media":"","overlay-type":"","overlay-color":"","overlay-opacity":"","overlay-gradient":""}},"footnotes":""},"categories":[7],"tags":[47,105,106,107,112,119,150,165,198],"class_list":["post-946","post","type-post","status-publish","format-standard","has-post-thumbnail","hentry","category-noticia","tag-9-relacao-com-o-saber","tag-docencia","tag-e-book","tag-e-books-2021","tag-educacao","tag-educon2021","tag-interdisciplinaridade","tag-livros","tag-publicacao"],"_links":{"self":[{"href":"https:\/\/coloquioeducon.com\/xvii\/wp-json\/wp\/v2\/posts\/946","targetHints":{"allow":["GET"]}}],"collection":[{"href":"https:\/\/coloquioeducon.com\/xvii\/wp-json\/wp\/v2\/posts"}],"about":[{"href":"https:\/\/coloquioeducon.com\/xvii\/wp-json\/wp\/v2\/types\/post"}],"author":[{"embeddable":true,"href":"https:\/\/coloquioeducon.com\/xvii\/wp-json\/wp\/v2\/users\/3"}],"replies":[{"embeddable":true,"href":"https:\/\/coloquioeducon.com\/xvii\/wp-json\/wp\/v2\/comments?post=946"}],"version-history":[{"count":0,"href":"https:\/\/coloquioeducon.com\/xvii\/wp-json\/wp\/v2\/posts\/946\/revisions"}],"wp:featuredmedia":[{"embeddable":true,"href":"https:\/\/coloquioeducon.com\/xvii\/wp-json\/wp\/v2\/media\/998"}],"wp:attachment":[{"href":"https:\/\/coloquioeducon.com\/xvii\/wp-json\/wp\/v2\/media?parent=946"}],"wp:term":[{"taxonomy":"category","embeddable":true,"href":"https:\/\/coloquioeducon.com\/xvii\/wp-json\/wp\/v2\/categories?post=946"},{"taxonomy":"post_tag","embeddable":true,"href":"https:\/\/coloquioeducon.com\/xvii\/wp-json\/wp\/v2\/tags?post=946"}],"curies":[{"name":"wp","href":"https:\/\/api.w.org\/{rel}","templated":true}]}}