{"id":943,"date":"2021-03-27T21:34:28","date_gmt":"2021-03-28T00:34:28","guid":{"rendered":"https:\/\/coloquioeducon.com\/xv\/?p=943"},"modified":"2021-03-27T21:34:28","modified_gmt":"2021-03-28T00:34:28","slug":"ines-dussel","status":"publish","type":"post","link":"https:\/\/coloquioeducon.com\/xvii\/2021\/03\/27\/ines-dussel\/","title":{"rendered":"In\u00e9s Dussel"},"content":{"rendered":"\n<figure class=\"wp-block-pullquote\"><blockquote><p>Profesora Investigadora del Departamento de Investigaciones Educativas del CINVESTAV-IPN, M\u00e9xico. Doctora en Educaci\u00f3n (Ph.D.) egresada de la Universidad de Wisconsin-Madison. Fue directora del \u00c1rea Educaci\u00f3n de FLACSO\/Argentina entre 2001 y 2008, y ha sido Profesora Visitante en las Universidades de Melbourne, Paris 8 y Humboldt de Berl\u00edn.\u00a0\u00a0Recibi\u00f3 en 2018 el Humboldt Research Award, otorgado por la Alexander von Humboldt Stiftung (Alemania) en reconocimiento a su trayectoria acad\u00e9mica.\u00a0Sus temas de investigaci\u00f3n actual se vinculan a la cultura visual y digital, en perspectiva hist\u00f3rica y pedag\u00f3gica.<\/p><\/blockquote><\/figure>\n\n\n\n<ul class=\"wp-block-list\"><li>Pa\u00eds:\u00a0<strong>M\u00e9xico<\/strong><\/li><li>Institui\u00e7\u00e3o: <strong>Departamento de Investigaciones Educativas &#8211; Centro de Investigaci\u00f3n y Estudios Avanzados (DIE-CINVESTAV)<\/strong><\/li><li>Orcid: <a rel=\"noreferrer noopener\" href=\"https:\/\/orcid.org\/0000-0003-3983-3985\" data-type=\"URL\" data-id=\"https:\/\/orcid.org\/0000-0003-3983-3985\" target=\"_blank\">orcid.org\/0000-0003-3983-3985<\/a><\/li><li>Lattes: <a rel=\"noreferrer noopener\" href=\"http:\/\/lattes.cnpq.br\/6840402396772646\" data-type=\"URL\" data-id=\"http:\/\/lattes.cnpq.br\/6840402396772646\" target=\"_blank\">lattes.cnpq.br\/6840402396772646<\/a><\/li><li><em>Site<\/em>: <a rel=\"noreferrer noopener\" href=\"https:\/\/www.die.cinvestav.mx\/Personal-Academico\/Dra-Ines-Dussel\" target=\"_blank\">https:\/\/www.die.cinvestav.mx\/Personal-Academico\/Dra-Ines-Dussel<\/a><\/li><li>Participa\u00e7\u00e3o:\u00a0<strong>Conferencista<\/strong><\/li><li>Confer\u00eancia Internacional:\u00a0<strong><em>\u201cLas formas del trabajo escolar en el contexto de una pandemia.\u201d<\/em><\/strong><\/li><li>Data:\u00a0<strong>22\/9\/2021<\/strong><\/li><li>Hor\u00e1rio:\u00a0<strong>10h00-11h30<\/strong><\/li><\/ul>\n","protected":false},"excerpt":{"rendered":"<p>Profesora Investigadora del Departamento de Investigaciones Educativas del CINVESTAV-IPN, M\u00e9xico. Doctora en Educaci\u00f3n (Ph.D.) egresada de la Universidad de Wisconsin-Madison. [&hellip;]<\/p>\n","protected":false},"author":1,"featured_media":664,"comment_status":"open","ping_status":"open","sticky":false,"template":"","format":"standard","meta":{"site-sidebar-layout":"default","site-content-layout":"","ast-site-content-layout":"default","site-content-style":"default","site-sidebar-style":"default","ast-global-header-display":"","ast-banner-title-visibility":"","ast-main-header-display":"","ast-hfb-above-header-display":"","ast-hfb-below-header-display":"","ast-hfb-mobile-header-display":"","site-post-title":"","ast-breadcrumbs-content":"","ast-featured-img":"","footer-sml-layout":"","theme-transparent-header-meta":"","adv-header-id-meta":"","stick-header-meta":"","header-above-stick-meta":"","header-main-stick-meta":"","header-below-stick-meta":"","astra-migrate-meta-layouts":"default","ast-page-background-enabled":"default","ast-page-background-meta":{"desktop":{"background-color":"var(--ast-global-color-5)","background-image":"","background-repeat":"repeat","background-position":"center center","background-size":"auto","background-attachment":"scroll","background-type":"","background-media":"","overlay-type":"","overlay-color":"","overlay-opacity":"","overlay-gradient":""},"tablet":{"background-color":"","background-image":"","background-repeat":"repeat","background-position":"center center","background-size":"auto","background-attachment":"scroll","background-type":"","background-media":"","overlay-type":"","overlay-color":"","overlay-opacity":"","overlay-gradient":""},"mobile":{"background-color":"","background-image":"","background-repeat":"repeat","background-position":"center center","background-size":"auto","background-attachment":"scroll","background-type":"","background-media":"","overlay-type":"","overlay-color":"","overlay-opacity":"","overlay-gradient":""}},"ast-content-background-meta":{"desktop":{"background-color":"var(--ast-global-color-4)","background-image":"","background-repeat":"repeat","background-position":"center center","background-size":"auto","background-attachment":"scroll","background-type":"","background-media":"","overlay-type":"","overlay-color":"","overlay-opacity":"","overlay-gradient":""},"tablet":{"background-color":"var(--ast-global-color-4)","background-image":"","background-repeat":"repeat","background-position":"center center","background-size":"auto","background-attachment":"scroll","background-type":"","background-media":"","overlay-type":"","overlay-color":"","overlay-opacity":"","overlay-gradient":""},"mobile":{"background-color":"var(--ast-global-color-4)","background-image":"","background-repeat":"repeat","background-position":"center center","background-size":"auto","background-attachment":"scroll","background-type":"","background-media":"","overlay-type":"","overlay-color":"","overlay-opacity":"","overlay-gradient":""}},"footnotes":""},"categories":[4],"tags":[16,25,88,90,148,189,217],"class_list":["post-943","post","type-post","status-publish","format-standard","has-post-thumbnail","hentry","category-conferencista","tag-11-curriculo-gestao-e-organizacao-do-trabalho-pedagogico","tag-22-9-2021-manha","tag-conferencia-internacional","tag-conferencista-educon2021","tag-ines-dussel","tag-pandemia","tag-trabalho-escolar"],"_links":{"self":[{"href":"https:\/\/coloquioeducon.com\/xvii\/wp-json\/wp\/v2\/posts\/943","targetHints":{"allow":["GET"]}}],"collection":[{"href":"https:\/\/coloquioeducon.com\/xvii\/wp-json\/wp\/v2\/posts"}],"about":[{"href":"https:\/\/coloquioeducon.com\/xvii\/wp-json\/wp\/v2\/types\/post"}],"author":[{"embeddable":true,"href":"https:\/\/coloquioeducon.com\/xvii\/wp-json\/wp\/v2\/users\/1"}],"replies":[{"embeddable":true,"href":"https:\/\/coloquioeducon.com\/xvii\/wp-json\/wp\/v2\/comments?post=943"}],"version-history":[{"count":0,"href":"https:\/\/coloquioeducon.com\/xvii\/wp-json\/wp\/v2\/posts\/943\/revisions"}],"wp:featuredmedia":[{"embeddable":true,"href":"https:\/\/coloquioeducon.com\/xvii\/wp-json\/wp\/v2\/media\/664"}],"wp:attachment":[{"href":"https:\/\/coloquioeducon.com\/xvii\/wp-json\/wp\/v2\/media?parent=943"}],"wp:term":[{"taxonomy":"category","embeddable":true,"href":"https:\/\/coloquioeducon.com\/xvii\/wp-json\/wp\/v2\/categories?post=943"},{"taxonomy":"post_tag","embeddable":true,"href":"https:\/\/coloquioeducon.com\/xvii\/wp-json\/wp\/v2\/tags?post=943"}],"curies":[{"name":"wp","href":"https:\/\/api.w.org\/{rel}","templated":true}]}}