{"id":828,"date":"2021-03-21T22:16:05","date_gmt":"2021-03-22T01:16:05","guid":{"rendered":"https:\/\/coloquioeducon.com\/xv\/?p=828"},"modified":"2021-03-21T22:16:05","modified_gmt":"2021-03-22T01:16:05","slug":"yan-capua-charlot","status":"publish","type":"post","link":"https:\/\/coloquioeducon.com\/xvii\/2021\/03\/21\/yan-capua-charlot\/","title":{"rendered":"Yan Capua Charlot"},"content":{"rendered":"\n<figure class=\"wp-block-pullquote\"><blockquote><p>Doutorando em Direitos Humanos pela Universidade Tiradentes. Mestre em Constitucionaliza\u00e7\u00e3o do Direito pela Universidade Federal de Sergipe. Bacharel em Direito pela Universidade Tiradentes. Licenciado em Pedagogia pelo Centro Universit\u00e1rio Claretiano. Professor da Gradua\u00e7\u00e3o e da P\u00f3s-Gradua\u00e7\u00e3o. Editor Assistente da Revista Internacional Educon. Avaliador de Peri\u00f3dicos Cient\u00edficos. Membro do Grupo de Estudos e Pesquisas Educa\u00e7\u00e3o e Contemporaneidade (EDUCON\/UFS\/CNPq).<\/p><\/blockquote><\/figure>\n\n\n\n<ul class=\"wp-block-list\"><li>Pa\u00eds:&nbsp;<strong>Brasil<\/strong><\/li><li>Institui\u00e7\u00e3o:<strong>&nbsp;Universidade Federal de Sergipe<\/strong><\/li><li>Lattes: <a href=\"http:\/\/lattes.cnpq.br\/1199535613624065\">http:\/\/lattes.cnpq.br\/1199535613624065<\/a><\/li><li>Orcid: <a href=\"https:\/\/orcid.org\/0000-0003-4199-0584\">https:\/\/orcid.org\/0000-0003-4199-0584<\/a><\/li><li>E-mail: yan@grupoeducon.com<\/li><li>Participa\u00e7\u00e3o:&nbsp;<strong>Membro da Comiss\u00e3o Organizadora &amp; Assistente da Coordena\u00e7\u00e3o Geral<\/strong><\/li><li>Temas de interesse: Tecnologias da Informa\u00e7\u00e3o e Comunica\u00e7\u00e3o aplicadas \u00e0 Educa\u00e7\u00e3o; Rela\u00e7\u00e3o com o saber; Saberes Escolares e Pr\u00e1ticas Educativas; Direito P\u00fablico; Ensino Jur\u00eddico.<\/li><\/ul>\n","protected":false},"excerpt":{"rendered":"<p>Doutorando em Direitos Humanos pela Universidade Tiradentes. Mestre em Constitucionaliza\u00e7\u00e3o do Direito pela Universidade Federal de Sergipe. Bacharel em Direito [&hellip;]<\/p>\n","protected":false},"author":1,"featured_media":831,"comment_status":"open","ping_status":"open","sticky":false,"template":"","format":"standard","meta":{"site-sidebar-layout":"default","site-content-layout":"","ast-site-content-layout":"default","site-content-style":"default","site-sidebar-style":"default","ast-global-header-display":"","ast-banner-title-visibility":"","ast-main-header-display":"","ast-hfb-above-header-display":"","ast-hfb-below-header-display":"","ast-hfb-mobile-header-display":"","site-post-title":"","ast-breadcrumbs-content":"","ast-featured-img":"","footer-sml-layout":"","theme-transparent-header-meta":"","adv-header-id-meta":"","stick-header-meta":"","header-above-stick-meta":"","header-main-stick-meta":"","header-below-stick-meta":"","astra-migrate-meta-layouts":"default","ast-page-background-enabled":"default","ast-page-background-meta":{"desktop":{"background-color":"var(--ast-global-color-5)","background-image":"","background-repeat":"repeat","background-position":"center center","background-size":"auto","background-attachment":"scroll","background-type":"","background-media":"","overlay-type":"","overlay-color":"","overlay-opacity":"","overlay-gradient":""},"tablet":{"background-color":"","background-image":"","background-repeat":"repeat","background-position":"center center","background-size":"auto","background-attachment":"scroll","background-type":"","background-media":"","overlay-type":"","overlay-color":"","overlay-opacity":"","overlay-gradient":""},"mobile":{"background-color":"","background-image":"","background-repeat":"repeat","background-position":"center center","background-size":"auto","background-attachment":"scroll","background-type":"","background-media":"","overlay-type":"","overlay-color":"","overlay-opacity":"","overlay-gradient":""}},"ast-content-background-meta":{"desktop":{"background-color":"var(--ast-global-color-4)","background-image":"","background-repeat":"repeat","background-position":"center center","background-size":"auto","background-attachment":"scroll","background-type":"","background-media":"","overlay-type":"","overlay-color":"","overlay-opacity":"","overlay-gradient":""},"tablet":{"background-color":"var(--ast-global-color-4)","background-image":"","background-repeat":"repeat","background-position":"center center","background-size":"auto","background-attachment":"scroll","background-type":"","background-media":"","overlay-type":"","overlay-color":"","overlay-opacity":"","overlay-gradient":""},"mobile":{"background-color":"var(--ast-global-color-4)","background-image":"","background-repeat":"repeat","background-position":"center center","background-size":"auto","background-attachment":"scroll","background-type":"","background-media":"","overlay-type":"","overlay-color":"","overlay-opacity":"","overlay-gradient":""}},"footnotes":""},"categories":[6],"tags":[19,46,47,84,119,201,225],"class_list":["post-828","post","type-post","status-publish","format-standard","has-post-thumbnail","hentry","category-equipe","tag-14-direito-sociedade-e-contemporaneidade","tag-8-educacao-inovacao-e-tecnologias","tag-9-relacao-com-o-saber","tag-comissao-organizadora","tag-educon2021","tag-revista-internacional-educon","tag-yan-capua-charlot"],"_links":{"self":[{"href":"https:\/\/coloquioeducon.com\/xvii\/wp-json\/wp\/v2\/posts\/828","targetHints":{"allow":["GET"]}}],"collection":[{"href":"https:\/\/coloquioeducon.com\/xvii\/wp-json\/wp\/v2\/posts"}],"about":[{"href":"https:\/\/coloquioeducon.com\/xvii\/wp-json\/wp\/v2\/types\/post"}],"author":[{"embeddable":true,"href":"https:\/\/coloquioeducon.com\/xvii\/wp-json\/wp\/v2\/users\/1"}],"replies":[{"embeddable":true,"href":"https:\/\/coloquioeducon.com\/xvii\/wp-json\/wp\/v2\/comments?post=828"}],"version-history":[{"count":0,"href":"https:\/\/coloquioeducon.com\/xvii\/wp-json\/wp\/v2\/posts\/828\/revisions"}],"wp:featuredmedia":[{"embeddable":true,"href":"https:\/\/coloquioeducon.com\/xvii\/wp-json\/wp\/v2\/media\/831"}],"wp:attachment":[{"href":"https:\/\/coloquioeducon.com\/xvii\/wp-json\/wp\/v2\/media?parent=828"}],"wp:term":[{"taxonomy":"category","embeddable":true,"href":"https:\/\/coloquioeducon.com\/xvii\/wp-json\/wp\/v2\/categories?post=828"},{"taxonomy":"post_tag","embeddable":true,"href":"https:\/\/coloquioeducon.com\/xvii\/wp-json\/wp\/v2\/tags?post=828"}],"curies":[{"name":"wp","href":"https:\/\/api.w.org\/{rel}","templated":true}]}}