{"id":801,"date":"2021-03-20T16:05:45","date_gmt":"2021-03-20T19:05:45","guid":{"rendered":"https:\/\/coloquioeducon.com\/xv\/?p=801"},"modified":"2021-03-20T16:05:45","modified_gmt":"2021-03-20T19:05:45","slug":"ester-fraga-vilas-boas-carvalho-do-nascimento","status":"publish","type":"post","link":"https:\/\/coloquioeducon.com\/xvii\/2021\/03\/20\/ester-fraga-vilas-boas-carvalho-do-nascimento\/","title":{"rendered":"Ester Fraga Vilas-B\u00f4as Carvalho do Nascimento"},"content":{"rendered":"\n<figure class=\"wp-block-pullquote\"><blockquote><p>Doutora (PUC\/SP) e mestre <strong>(NPGED\/UFS)<\/strong> em Educa\u00e7\u00e3o. Bolsista de Produtividade de Pesquisa em Educa\u00e7\u00e3o pelo CNPq, desde 2012. Professora do PPED e de cursos de Gradua\u00e7\u00e3o da UNIT. Lidera o Grupo de Pesquisa Hist\u00f3ria das Pr\u00e1ticas Educacionais. Membro da SBHE, da ASE, da ABROL\/SE, da ABTL\/SE, da SBB\/SE. Possui v\u00e1rios livros, cap\u00edtulos de livro e artigos publicados.<\/p><\/blockquote><\/figure>\n\n\n\n<ul class=\"wp-block-list\"><li>Pa\u00eds:\u00a0<strong>Brasil<\/strong><\/li><li>Institui\u00e7\u00e3o:<strong>\u00a0Universidade Tiradentes<\/strong><\/li><li>Lattes: <a href=\"http:\/\/lattes.cnpq.br\/5387293048319734\">http:\/\/lattes.cnpq.br\/5387293048319734<\/a><\/li><li>Orcid: <a rel=\"noreferrer noopener\" href=\"https:\/\/orcid.org\/0000-0002-4050-767X\" target=\"_blank\">orcid.org\/0000-0002-4050-767X<\/a><\/li><li>E-mail: esterfraga@gmail.com<\/li><li>Redes sociais: @esterfvb<\/li><li>Participa\u00e7\u00e3o:\u00a0<strong>Conferencista<\/strong><\/li><li>Mesa-redonda internacional:\u00a0<strong><em>\u201cHumanidades Digitais e o novo Horizonte Metodol\u00f3gico na Pesquisa Educacional.\u201d<\/em><\/strong><\/li><li>Data:\u00a0<strong>23\/9\/2021<\/strong><\/li><li>Hor\u00e1rio:\u00a0<strong><strong>14h00-15h30<\/strong><\/strong><\/li><\/ul>\n","protected":false},"excerpt":{"rendered":"<p>Doutora (PUC\/SP) e mestre (NPGED\/UFS) em Educa\u00e7\u00e3o. Bolsista de Produtividade de Pesquisa em Educa\u00e7\u00e3o pelo CNPq, desde 2012. Professora do [&hellip;]<\/p>\n","protected":false},"author":1,"featured_media":802,"comment_status":"open","ping_status":"open","sticky":false,"template":"","format":"standard","meta":{"site-sidebar-layout":"default","site-content-layout":"","ast-site-content-layout":"default","site-content-style":"default","site-sidebar-style":"default","ast-global-header-display":"","ast-banner-title-visibility":"","ast-main-header-display":"","ast-hfb-above-header-display":"","ast-hfb-below-header-display":"","ast-hfb-mobile-header-display":"","site-post-title":"","ast-breadcrumbs-content":"","ast-featured-img":"","footer-sml-layout":"","theme-transparent-header-meta":"","adv-header-id-meta":"","stick-header-meta":"","header-above-stick-meta":"","header-main-stick-meta":"","header-below-stick-meta":"","astra-migrate-meta-layouts":"default","ast-page-background-enabled":"default","ast-page-background-meta":{"desktop":{"background-color":"var(--ast-global-color-5)","background-image":"","background-repeat":"repeat","background-position":"center center","background-size":"auto","background-attachment":"scroll","background-type":"","background-media":"","overlay-type":"","overlay-color":"","overlay-opacity":"","overlay-gradient":""},"tablet":{"background-color":"","background-image":"","background-repeat":"repeat","background-position":"center center","background-size":"auto","background-attachment":"scroll","background-type":"","background-media":"","overlay-type":"","overlay-color":"","overlay-opacity":"","overlay-gradient":""},"mobile":{"background-color":"","background-image":"","background-repeat":"repeat","background-position":"center center","background-size":"auto","background-attachment":"scroll","background-type":"","background-media":"","overlay-type":"","overlay-color":"","overlay-opacity":"","overlay-gradient":""}},"ast-content-background-meta":{"desktop":{"background-color":"var(--ast-global-color-4)","background-image":"","background-repeat":"repeat","background-position":"center center","background-size":"auto","background-attachment":"scroll","background-type":"","background-media":"","overlay-type":"","overlay-color":"","overlay-opacity":"","overlay-gradient":""},"tablet":{"background-color":"var(--ast-global-color-4)","background-image":"","background-repeat":"repeat","background-position":"center center","background-size":"auto","background-attachment":"scroll","background-type":"","background-media":"","overlay-type":"","overlay-color":"","overlay-opacity":"","overlay-gradient":""},"mobile":{"background-color":"var(--ast-global-color-4)","background-image":"","background-repeat":"repeat","background-position":"center center","background-size":"auto","background-attachment":"scroll","background-type":"","background-media":"","overlay-type":"","overlay-color":"","overlay-opacity":"","overlay-gradient":""}},"footnotes":""},"categories":[4,6],"tags":[33,46,83,84,90,119,132,146,183,193,216],"class_list":["post-801","post","type-post","status-publish","format-standard","has-post-thumbnail","hentry","category-conferencista","category-equipe","tag-23-9-2021-tarde","tag-8-educacao-inovacao-e-tecnologias","tag-comissao-cientifica","tag-comissao-organizadora","tag-conferencista-educon2021","tag-educon2021","tag-ester-fraga-vilas-boas-carvalho-do-nascimento","tag-humanidades-digitais","tag-mesa-redonda-internacional","tag-pesquisa-educacional","tag-tecnologias-educacionais"],"_links":{"self":[{"href":"https:\/\/coloquioeducon.com\/xvii\/wp-json\/wp\/v2\/posts\/801","targetHints":{"allow":["GET"]}}],"collection":[{"href":"https:\/\/coloquioeducon.com\/xvii\/wp-json\/wp\/v2\/posts"}],"about":[{"href":"https:\/\/coloquioeducon.com\/xvii\/wp-json\/wp\/v2\/types\/post"}],"author":[{"embeddable":true,"href":"https:\/\/coloquioeducon.com\/xvii\/wp-json\/wp\/v2\/users\/1"}],"replies":[{"embeddable":true,"href":"https:\/\/coloquioeducon.com\/xvii\/wp-json\/wp\/v2\/comments?post=801"}],"version-history":[{"count":0,"href":"https:\/\/coloquioeducon.com\/xvii\/wp-json\/wp\/v2\/posts\/801\/revisions"}],"wp:featuredmedia":[{"embeddable":true,"href":"https:\/\/coloquioeducon.com\/xvii\/wp-json\/wp\/v2\/media\/802"}],"wp:attachment":[{"href":"https:\/\/coloquioeducon.com\/xvii\/wp-json\/wp\/v2\/media?parent=801"}],"wp:term":[{"taxonomy":"category","embeddable":true,"href":"https:\/\/coloquioeducon.com\/xvii\/wp-json\/wp\/v2\/categories?post=801"},{"taxonomy":"post_tag","embeddable":true,"href":"https:\/\/coloquioeducon.com\/xvii\/wp-json\/wp\/v2\/tags?post=801"}],"curies":[{"name":"wp","href":"https:\/\/api.w.org\/{rel}","templated":true}]}}