{"id":691,"date":"2021-03-18T00:28:00","date_gmt":"2021-03-18T03:28:00","guid":{"rendered":"https:\/\/coloquioeducon.com\/xv\/?p=691"},"modified":"2021-03-18T00:28:00","modified_gmt":"2021-03-18T03:28:00","slug":"stephane-bonnery","status":"publish","type":"post","link":"https:\/\/coloquioeducon.com\/xvii\/2021\/03\/18\/stephane-bonnery\/","title":{"rendered":"St\u00e9phane Bonnery"},"content":{"rendered":"\n<figure class=\"wp-block-pullquote\"><blockquote><p>Uma primeira linha de pesquisa visa compreender a renova\u00e7\u00e3o das desigualdades sociais entre alunos no sucesso acad\u00eamico, relacionando diferentes desenvolvimentos: sistema educacional, curr\u00edculos (atividades intelectuais esperadas), pr\u00e1ticas de ensino, atividade dos alunos. Articula-se com o estudo das evolu\u00e7\u00f5es das pr\u00e1ticas culturais nas fam\u00edlias e nos espa\u00e7os de lazer.<\/p><\/blockquote><\/figure>\n\n\n\n<ul class=\"wp-block-list\"><li>Pa\u00eds: <strong>Fran\u00e7a                                                                                                                                                                                                                                                                                                                                                                                                                                                                                                                                                                                                                                                                                                                                                                            <\/strong><\/li><li>Institui\u00e7\u00e3o:&nbsp;<strong>Universit\u00e9 Paris 8<\/strong><\/li><li><em>Site<\/em>: <a rel=\"noreferrer noopener\" href=\"https:\/\/circeft.fr\/escol\/membres-descol\/#tab-id-3\" target=\"_blank\">https:\/\/circeft.fr\/escol\/membres-descol\/#tab-id-3<\/a><\/li><li>Participa\u00e7\u00e3o:&nbsp;<strong>Conferencista<\/strong><\/li><li>Confer\u00eancia: <strong><em><strong><strong><em>\u201c<strong>Explicites et implicites dans l\u2019\u00e9cole fran\u00e7aise aujourd\u2019hui : enjeux p\u00e9dagogiques, enjeux sociaux et politiques.<\/strong>\u201d<\/em><\/strong><\/strong><\/em><\/strong><\/li><li>Data: <strong>23\/9\/2021<\/strong><\/li><li>Hor\u00e1rio: <strong>14h00-15h30<\/strong><\/li><\/ul>\n","protected":false},"excerpt":{"rendered":"<p>Uma primeira linha de pesquisa visa compreender a renova\u00e7\u00e3o das desigualdades sociais entre alunos no sucesso acad\u00eamico, relacionando diferentes desenvolvimentos: [&hellip;]<\/p>\n","protected":false},"author":1,"featured_media":674,"comment_status":"open","ping_status":"open","sticky":false,"template":"","format":"standard","meta":{"site-sidebar-layout":"default","site-content-layout":"","ast-site-content-layout":"default","site-content-style":"default","site-sidebar-style":"default","ast-global-header-display":"","ast-banner-title-visibility":"","ast-main-header-display":"","ast-hfb-above-header-display":"","ast-hfb-below-header-display":"","ast-hfb-mobile-header-display":"","site-post-title":"","ast-breadcrumbs-content":"","ast-featured-img":"","footer-sml-layout":"","theme-transparent-header-meta":"","adv-header-id-meta":"","stick-header-meta":"","header-above-stick-meta":"","header-main-stick-meta":"","header-below-stick-meta":"","astra-migrate-meta-layouts":"default","ast-page-background-enabled":"default","ast-page-background-meta":{"desktop":{"background-color":"var(--ast-global-color-5)","background-image":"","background-repeat":"repeat","background-position":"center center","background-size":"auto","background-attachment":"scroll","background-type":"","background-media":"","overlay-type":"","overlay-color":"","overlay-opacity":"","overlay-gradient":""},"tablet":{"background-color":"","background-image":"","background-repeat":"repeat","background-position":"center center","background-size":"auto","background-attachment":"scroll","background-type":"","background-media":"","overlay-type":"","overlay-color":"","overlay-opacity":"","overlay-gradient":""},"mobile":{"background-color":"","background-image":"","background-repeat":"repeat","background-position":"center center","background-size":"auto","background-attachment":"scroll","background-type":"","background-media":"","overlay-type":"","overlay-color":"","overlay-opacity":"","overlay-gradient":""}},"ast-content-background-meta":{"desktop":{"background-color":"var(--ast-global-color-4)","background-image":"","background-repeat":"repeat","background-position":"center center","background-size":"auto","background-attachment":"scroll","background-type":"","background-media":"","overlay-type":"","overlay-color":"","overlay-opacity":"","overlay-gradient":""},"tablet":{"background-color":"var(--ast-global-color-4)","background-image":"","background-repeat":"repeat","background-position":"center center","background-size":"auto","background-attachment":"scroll","background-type":"","background-media":"","overlay-type":"","overlay-color":"","overlay-opacity":"","overlay-gradient":""},"mobile":{"background-color":"var(--ast-global-color-4)","background-image":"","background-repeat":"repeat","background-position":"center center","background-size":"auto","background-attachment":"scroll","background-type":"","background-media":"","overlay-type":"","overlay-color":"","overlay-opacity":"","overlay-gradient":""}},"footnotes":""},"categories":[4],"tags":[33,39,88,90,119,129,139,163,192,211],"class_list":["post-691","post","type-post","status-publish","format-standard","has-post-thumbnail","hentry","category-conferencista","tag-23-9-2021-tarde","tag-3-educacao-sociedade-e-praticas-educativas","tag-conferencia-internacional","tag-conferencista-educon2021","tag-educon2021","tag-escola","tag-franca","tag-lingua-francesa","tag-pedagogia","tag-stephane-bonnery"],"_links":{"self":[{"href":"https:\/\/coloquioeducon.com\/xvii\/wp-json\/wp\/v2\/posts\/691","targetHints":{"allow":["GET"]}}],"collection":[{"href":"https:\/\/coloquioeducon.com\/xvii\/wp-json\/wp\/v2\/posts"}],"about":[{"href":"https:\/\/coloquioeducon.com\/xvii\/wp-json\/wp\/v2\/types\/post"}],"author":[{"embeddable":true,"href":"https:\/\/coloquioeducon.com\/xvii\/wp-json\/wp\/v2\/users\/1"}],"replies":[{"embeddable":true,"href":"https:\/\/coloquioeducon.com\/xvii\/wp-json\/wp\/v2\/comments?post=691"}],"version-history":[{"count":0,"href":"https:\/\/coloquioeducon.com\/xvii\/wp-json\/wp\/v2\/posts\/691\/revisions"}],"wp:featuredmedia":[{"embeddable":true,"href":"https:\/\/coloquioeducon.com\/xvii\/wp-json\/wp\/v2\/media\/674"}],"wp:attachment":[{"href":"https:\/\/coloquioeducon.com\/xvii\/wp-json\/wp\/v2\/media?parent=691"}],"wp:term":[{"taxonomy":"category","embeddable":true,"href":"https:\/\/coloquioeducon.com\/xvii\/wp-json\/wp\/v2\/categories?post=691"},{"taxonomy":"post_tag","embeddable":true,"href":"https:\/\/coloquioeducon.com\/xvii\/wp-json\/wp\/v2\/tags?post=691"}],"curies":[{"name":"wp","href":"https:\/\/api.w.org\/{rel}","templated":true}]}}