{"id":689,"date":"2021-03-18T20:02:00","date_gmt":"2021-03-18T23:02:00","guid":{"rendered":"https:\/\/coloquioeducon.com\/xv\/?p=689"},"modified":"2021-03-18T20:02:00","modified_gmt":"2021-03-18T23:02:00","slug":"soledad-vercellino","status":"publish","type":"post","link":"https:\/\/coloquioeducon.com\/xvii\/2021\/03\/18\/soledad-vercellino\/","title":{"rendered":"Soledad Vercellino"},"content":{"rendered":"\n<figure class=\"wp-block-pullquote\"><blockquote><p>Doctora en Ciencias de la Educaci\u00f3n, Magister en Sociedad e Instituciones, Licenciada en Psicopedagog\u00eda. Docente investigadora en la Universidad Nacional de R\u00edo Negro y la Universidad Nacional del Comahue. Investiga sobre la relaci\u00f3n entre las condiciones institucionales y la relaci\u00f3n de los\/as estudiantes con el saber. Autora de art\u00edculos, libros y cap\u00edtulos de libros, entre ellos \u201cLa escuela y los (des)encuentros con el saber\u201d (2018). Directora de tesis y becas de grado y posgrado. Actual Directora de la Escuela de Docencia de Humanidades y Estudios Sociales de la Sede Atl\u00e1ntica de la UNRN.<\/p><\/blockquote><\/figure>\n\n\n\n<ul class=\"wp-block-list\"><li>Pa\u00eds:\u00a0<strong>Argentina<\/strong><\/li><li>Institui\u00e7\u00e3o:\u00a0<strong>Universidad Nacional de R\u00edo Negro, Sede Atl\u00e1ntica &amp; Centro Interdisciplinario de Estudios sobre Derecho, Inclusi\u00f3n y Sociedad (CIEDIS)<\/strong><\/li><li>Orcid: <a rel=\"noreferrer noopener\" href=\"http:\/\/orcid.org\/0000-0002-1087-5455\" target=\"_blank\">orcid.org\/0000-0002-1087-5455<\/a><\/li><li>Participa\u00e7\u00e3o:\u00a0<strong>Conferencista<\/strong><\/li><li>Mesa-redonda:\u00a0<strong><em>\u201cInvestigaciones sobre la relaci\u00f3n con el saber en las Am\u00e9ricas.\u201d<\/em><\/strong><\/li><li>Data:\u00a0<strong>22\/9\/2021<\/strong><\/li><li>Hor\u00e1rio:\u00a0<strong>15h30-17h00<\/strong><\/li><\/ul>\n","protected":false},"excerpt":{"rendered":"<p>Doctora en Ciencias de la Educaci\u00f3n, Magister en Sociedad e Instituciones, Licenciada en Psicopedagog\u00eda. Docente investigadora en la Universidad Nacional [&hellip;]<\/p>\n","protected":false},"author":1,"featured_media":673,"comment_status":"open","ping_status":"open","sticky":false,"template":"","format":"standard","meta":{"site-sidebar-layout":"default","site-content-layout":"","ast-site-content-layout":"default","site-content-style":"default","site-sidebar-style":"default","ast-global-header-display":"","ast-banner-title-visibility":"","ast-main-header-display":"","ast-hfb-above-header-display":"","ast-hfb-below-header-display":"","ast-hfb-mobile-header-display":"","site-post-title":"","ast-breadcrumbs-content":"","ast-featured-img":"","footer-sml-layout":"","theme-transparent-header-meta":"","adv-header-id-meta":"","stick-header-meta":"","header-above-stick-meta":"","header-main-stick-meta":"","header-below-stick-meta":"","astra-migrate-meta-layouts":"default","ast-page-background-enabled":"default","ast-page-background-meta":{"desktop":{"background-color":"var(--ast-global-color-5)","background-image":"","background-repeat":"repeat","background-position":"center center","background-size":"auto","background-attachment":"scroll","background-type":"","background-media":"","overlay-type":"","overlay-color":"","overlay-opacity":"","overlay-gradient":""},"tablet":{"background-color":"","background-image":"","background-repeat":"repeat","background-position":"center center","background-size":"auto","background-attachment":"scroll","background-type":"","background-media":"","overlay-type":"","overlay-color":"","overlay-opacity":"","overlay-gradient":""},"mobile":{"background-color":"","background-image":"","background-repeat":"repeat","background-position":"center center","background-size":"auto","background-attachment":"scroll","background-type":"","background-media":"","overlay-type":"","overlay-color":"","overlay-opacity":"","overlay-gradient":""}},"ast-content-background-meta":{"desktop":{"background-color":"var(--ast-global-color-4)","background-image":"","background-repeat":"repeat","background-position":"center center","background-size":"auto","background-attachment":"scroll","background-type":"","background-media":"","overlay-type":"","overlay-color":"","overlay-opacity":"","overlay-gradient":""},"tablet":{"background-color":"var(--ast-global-color-4)","background-image":"","background-repeat":"repeat","background-position":"center center","background-size":"auto","background-attachment":"scroll","background-type":"","background-media":"","overlay-type":"","overlay-color":"","overlay-opacity":"","overlay-gradient":""},"mobile":{"background-color":"var(--ast-global-color-4)","background-image":"","background-repeat":"repeat","background-position":"center center","background-size":"auto","background-attachment":"scroll","background-type":"","background-media":"","overlay-type":"","overlay-color":"","overlay-opacity":"","overlay-gradient":""}},"footnotes":""},"categories":[4],"tags":[26,47,68,90,119,162,183],"class_list":["post-689","post","type-post","status-publish","format-standard","has-post-thumbnail","hentry","category-conferencista","tag-22-9-2021-tarde","tag-9-relacao-com-o-saber","tag-argentina","tag-conferencista-educon2021","tag-educon2021","tag-lingua-espanhola","tag-mesa-redonda-internacional"],"_links":{"self":[{"href":"https:\/\/coloquioeducon.com\/xvii\/wp-json\/wp\/v2\/posts\/689","targetHints":{"allow":["GET"]}}],"collection":[{"href":"https:\/\/coloquioeducon.com\/xvii\/wp-json\/wp\/v2\/posts"}],"about":[{"href":"https:\/\/coloquioeducon.com\/xvii\/wp-json\/wp\/v2\/types\/post"}],"author":[{"embeddable":true,"href":"https:\/\/coloquioeducon.com\/xvii\/wp-json\/wp\/v2\/users\/1"}],"replies":[{"embeddable":true,"href":"https:\/\/coloquioeducon.com\/xvii\/wp-json\/wp\/v2\/comments?post=689"}],"version-history":[{"count":0,"href":"https:\/\/coloquioeducon.com\/xvii\/wp-json\/wp\/v2\/posts\/689\/revisions"}],"wp:featuredmedia":[{"embeddable":true,"href":"https:\/\/coloquioeducon.com\/xvii\/wp-json\/wp\/v2\/media\/673"}],"wp:attachment":[{"href":"https:\/\/coloquioeducon.com\/xvii\/wp-json\/wp\/v2\/media?parent=689"}],"wp:term":[{"taxonomy":"category","embeddable":true,"href":"https:\/\/coloquioeducon.com\/xvii\/wp-json\/wp\/v2\/categories?post=689"},{"taxonomy":"post_tag","embeddable":true,"href":"https:\/\/coloquioeducon.com\/xvii\/wp-json\/wp\/v2\/tags?post=689"}],"curies":[{"name":"wp","href":"https:\/\/api.w.org\/{rel}","templated":true}]}}