{"id":683,"date":"2021-03-18T21:00:00","date_gmt":"2021-03-19T00:00:00","guid":{"rendered":"https:\/\/coloquioeducon.com\/xv\/?p=683"},"modified":"2021-03-18T21:00:00","modified_gmt":"2021-03-19T00:00:00","slug":"pilar-cobenas","status":"publish","type":"post","link":"https:\/\/coloquioeducon.com\/xvii\/2021\/03\/18\/pilar-cobenas\/","title":{"rendered":"Pilar Cobe\u00f1as"},"content":{"rendered":"\n<figure class=\"wp-block-pullquote\"><blockquote><p>Profesora y Licenciada en Ciencias de la Educaci\u00f3n (Universidad Nacional de La Plata-UNLP-, Argentina). Es Mag\u00edster en Educaci\u00f3n y Doctora en Ciencias de la Educaci\u00f3n (UNLP, Argentina). Se desempe\u00f1a como Jefe de Trabajos Pr\u00e1cticos de la c\u00e1tedra Pedagog\u00eda de la Diversidad (UNLP) y docente del seminario Ense\u00f1ar y Aprender en Aulas Inclusivas (UNLP, Argentina). Es investigadora en el \u00e1rea de discapacidad, g\u00e9nero y educaci\u00f3n inclusiva en la UNLP. Actualmente se encuentra realizando estudios sobre la ense\u00f1anza de la matem\u00e1tica en aulas inclusivas. Ha dictado cursos de posgrado y de capacitaci\u00f3n docente sobre discapacidad y educaci\u00f3n inclusiva y es autora de diversas publicaciones sobre la tem\u00e1tica. Docente en la Especializaci\u00f3n en Ense\u00f1anza de la matem\u00e1tica en el Nivel inicial y Primario.<\/p><\/blockquote><\/figure>\n\n\n\n<ul class=\"wp-block-list\"><li>Pa\u00eds:\u00a0<strong>Argentina<\/strong><\/li><li>Institui\u00e7\u00e3o:<strong> Universidad Nacional de La Plata<\/strong><\/li><li>Orcid: <a rel=\"noreferrer noopener\" href=\"http:\/\/orcid.org\/0000-0003-0754-4628\" data-type=\"URL\" data-id=\"orcid.org\/0000-0003-0754-4628\" target=\"_blank\">orcid.org\/0000-0003-0754-4628<\/a><\/li><li><em>Sites<\/em>:  <a href=\"http:\/\/www.memoria.fahce.unlp.edu.ar\/perfiles\/0324CobenasP.html\">http:\/\/www.memoria.fahce.unlp.edu.ar\/perfiles\/0324CobenasP.html<\/a>; <a rel=\"noreferrer noopener\" href=\"https:\/\/www.facebook.com\/Especializaci%C3%B3n-en-Ense%C3%B1anza-de-las-Matem%C3%A1ticas-Nivel-Inicial-y-Primario-100440254686451\" target=\"_blank\">Especializaci\u00f3n en Ense\u00f1anza de las Matem\u00e1ticas Nivel Inicial y Primario<\/a><\/li><li>Facebook:\u00a0<a rel=\"noreferrer noopener\" href=\"https:\/\/www.facebook.com\/pilar.cobenas\" target=\"_blank\">https:\/\/www.facebook.com\/pilar.cobenas<\/a><\/li><li>Twitter: <a rel=\"noreferrer noopener\" href=\"https:\/\/twitter.com\/pilitacobe\" target=\"_blank\">@pilitacobe<\/a><\/li><li>Participa\u00e7\u00e3o:\u00a0<strong>Conferencista<\/strong><\/li><li>Mesa-redonda:\u00a0<strong><em>\u201cNi\u00f1os con discapacidad aprendiendo matem\u00e1ticas. Desaf\u00edos para la ense\u00f1anza.\u201d<\/em><\/strong><\/li><li>Data:\u00a0<strong>23\/9\/2021<\/strong><\/li><li>Hor\u00e1rio:\u00a0<strong>10h00-11h30<\/strong><\/li><\/ul>\n","protected":false},"excerpt":{"rendered":"<p>Profesora y Licenciada en Ciencias de la Educaci\u00f3n (Universidad Nacional de La Plata-UNLP-, Argentina). Es Mag\u00edster en Educaci\u00f3n y Doctora [&hellip;]<\/p>\n","protected":false},"author":1,"featured_media":670,"comment_status":"open","ping_status":"open","sticky":false,"template":"","format":"standard","meta":{"site-sidebar-layout":"default","site-content-layout":"","ast-site-content-layout":"default","site-content-style":"default","site-sidebar-style":"default","ast-global-header-display":"","ast-banner-title-visibility":"","ast-main-header-display":"","ast-hfb-above-header-display":"","ast-hfb-below-header-display":"","ast-hfb-mobile-header-display":"","site-post-title":"","ast-breadcrumbs-content":"","ast-featured-img":"","footer-sml-layout":"","theme-transparent-header-meta":"","adv-header-id-meta":"","stick-header-meta":"","header-above-stick-meta":"","header-main-stick-meta":"","header-below-stick-meta":"","astra-migrate-meta-layouts":"default","ast-page-background-enabled":"default","ast-page-background-meta":{"desktop":{"background-color":"var(--ast-global-color-5)","background-image":"","background-repeat":"repeat","background-position":"center center","background-size":"auto","background-attachment":"scroll","background-type":"","background-media":"","overlay-type":"","overlay-color":"","overlay-opacity":"","overlay-gradient":""},"tablet":{"background-color":"","background-image":"","background-repeat":"repeat","background-position":"center center","background-size":"auto","background-attachment":"scroll","background-type":"","background-media":"","overlay-type":"","overlay-color":"","overlay-opacity":"","overlay-gradient":""},"mobile":{"background-color":"","background-image":"","background-repeat":"repeat","background-position":"center center","background-size":"auto","background-attachment":"scroll","background-type":"","background-media":"","overlay-type":"","overlay-color":"","overlay-opacity":"","overlay-gradient":""}},"ast-content-background-meta":{"desktop":{"background-color":"var(--ast-global-color-4)","background-image":"","background-repeat":"repeat","background-position":"center center","background-size":"auto","background-attachment":"scroll","background-type":"","background-media":"","overlay-type":"","overlay-color":"","overlay-opacity":"","overlay-gradient":""},"tablet":{"background-color":"var(--ast-global-color-4)","background-image":"","background-repeat":"repeat","background-position":"center center","background-size":"auto","background-attachment":"scroll","background-type":"","background-media":"","overlay-type":"","overlay-color":"","overlay-opacity":"","overlay-gradient":""},"mobile":{"background-color":"var(--ast-global-color-4)","background-image":"","background-repeat":"repeat","background-position":"center center","background-size":"auto","background-attachment":"scroll","background-type":"","background-media":"","overlay-type":"","overlay-color":"","overlay-opacity":"","overlay-gradient":""}},"footnotes":""},"categories":[4],"tags":[31,42,68,90,95,113,115,119,127,162,183,195],"class_list":["post-683","post","type-post","status-publish","format-standard","has-post-thumbnail","hentry","category-conferencista","tag-23-9-2021-manha","tag-5-ensino-de-matematica-e-ciencias-da-natureza","tag-argentina","tag-conferencista-educon2021","tag-criancas","tag-educacao-especial","tag-educacao-inclusiva","tag-educon2021","tag-ensino-de-matematica","tag-lingua-espanhola","tag-mesa-redonda-internacional","tag-pilar-cobenas"],"_links":{"self":[{"href":"https:\/\/coloquioeducon.com\/xvii\/wp-json\/wp\/v2\/posts\/683","targetHints":{"allow":["GET"]}}],"collection":[{"href":"https:\/\/coloquioeducon.com\/xvii\/wp-json\/wp\/v2\/posts"}],"about":[{"href":"https:\/\/coloquioeducon.com\/xvii\/wp-json\/wp\/v2\/types\/post"}],"author":[{"embeddable":true,"href":"https:\/\/coloquioeducon.com\/xvii\/wp-json\/wp\/v2\/users\/1"}],"replies":[{"embeddable":true,"href":"https:\/\/coloquioeducon.com\/xvii\/wp-json\/wp\/v2\/comments?post=683"}],"version-history":[{"count":0,"href":"https:\/\/coloquioeducon.com\/xvii\/wp-json\/wp\/v2\/posts\/683\/revisions"}],"wp:featuredmedia":[{"embeddable":true,"href":"https:\/\/coloquioeducon.com\/xvii\/wp-json\/wp\/v2\/media\/670"}],"wp:attachment":[{"href":"https:\/\/coloquioeducon.com\/xvii\/wp-json\/wp\/v2\/media?parent=683"}],"wp:term":[{"taxonomy":"category","embeddable":true,"href":"https:\/\/coloquioeducon.com\/xvii\/wp-json\/wp\/v2\/categories?post=683"},{"taxonomy":"post_tag","embeddable":true,"href":"https:\/\/coloquioeducon.com\/xvii\/wp-json\/wp\/v2\/tags?post=683"}],"curies":[{"name":"wp","href":"https:\/\/api.w.org\/{rel}","templated":true}]}}