{"id":681,"date":"2021-03-18T20:00:00","date_gmt":"2021-03-18T23:00:00","guid":{"rendered":"https:\/\/coloquioeducon.com\/xv\/?p=681"},"modified":"2021-03-18T20:00:00","modified_gmt":"2021-03-18T23:00:00","slug":"marco-arlindo-amorim-melo-nery","status":"publish","type":"post","link":"https:\/\/coloquioeducon.com\/xvii\/2021\/03\/18\/marco-arlindo-amorim-melo-nery\/","title":{"rendered":"Marco Arlindo Amorim Melo Nery"},"content":{"rendered":"\n<figure class=\"wp-block-pullquote\"><blockquote><p>Gradua\u00e7\u00e3o em Educa\u00e7\u00e3o F\u00edsica (2001) pela Universidade Federal de Sergipe, mestrado em Educa\u00e7\u00e3o (2006) pela mesma institui\u00e7\u00e3o e doutorado em Educa\u00e7\u00e3o pela Universidade Federal da Bahia. \u00c9 professor do ensino b\u00e1sico, t\u00e9cnico e tecnol\u00f3gico do Instituto Federal de Educa\u00e7\u00e3o, Ci\u00eancia e Tecnologia de Sergipe de Sergipe &#8211; Campus S\u00e3o Crist\u00f3v\u00e3o. \u00c9 professor permanente do quadro de docentes do Mestrado Profissional em Educa\u00e7\u00e3o Profissional e Tecnol\u00f3gica (ProfEPT). \u00c9 l\u00edder do Grupo de Estudos e Pesquisas Sociedade, Educa\u00e7\u00e3o e Tecnologias-GEPSET, debru\u00e7ando-se sobre os seguintes temas: escola, educa\u00e7\u00e3o f\u00edsica, esporte, ensino agr\u00edcola, educa\u00e7\u00e3o profissional, pol\u00edticas educacionais, hist\u00f3ria das institui\u00e7\u00f5es e pr\u00e1ticas escolares<\/p><\/blockquote><\/figure>\n\n\n\n<ul class=\"wp-block-list\"><li>Pa\u00eds: <strong>Brasil<\/strong><\/li><li>Institui\u00e7\u00e3o:&nbsp;<strong>PROFEPT IFS<\/strong><\/li><li>Lattes:&nbsp;<a rel=\"noreferrer noopener\" href=\"http:\/\/lattes.cnpq.br\/0661638802291460\" target=\"_blank\">http:\/\/lattes.cnpq.br\/0661638802291460<\/a><\/li><li>Orcid:&nbsp;<a href=\"https:\/\/orcid.org\/0000-0003-0675-4092\">https:\/\/orcid.org\/0000-0003-0675-4092<\/a><\/li><li>YouTube: <a rel=\"noreferrer noopener\" href=\"https:\/\/www.youtube.com\/channel\/UCah21fbriBNRij2J040RcNg\" data-type=\"URL\" data-id=\"https:\/\/www.youtube.com\/channel\/UCah21fbriBNRij2J040RcNg\" target=\"_blank\">GEPSET-IFS<\/a><\/li><li>Participa\u00e7\u00e3o:&nbsp;<strong>Coordenador de Mesa<\/strong><\/li><li>Mesa-redonda internacional: <strong><strong><em>\u201c<strong>Educa\u00e7\u00e3o Profissional e Tecnol\u00f3gica<\/strong>.\u201d<\/em><\/strong><\/strong><\/li><li>Data: <strong>23\/9\/2021<\/strong><\/li><li>Hor\u00e1rio: <strong>10h00-11h30<\/strong><\/li><\/ul>\n","protected":false},"excerpt":{"rendered":"<p>Gradua\u00e7\u00e3o em Educa\u00e7\u00e3o F\u00edsica (2001) pela Universidade Federal de Sergipe, mestrado em Educa\u00e7\u00e3o (2006) pela mesma institui\u00e7\u00e3o e doutorado em [&hellip;]<\/p>\n","protected":false},"author":1,"featured_media":668,"comment_status":"open","ping_status":"open","sticky":false,"template":"","format":"standard","meta":{"site-sidebar-layout":"default","site-content-layout":"","ast-site-content-layout":"default","site-content-style":"default","site-sidebar-style":"default","ast-global-header-display":"","ast-banner-title-visibility":"","ast-main-header-display":"","ast-hfb-above-header-display":"","ast-hfb-below-header-display":"","ast-hfb-mobile-header-display":"","site-post-title":"","ast-breadcrumbs-content":"","ast-featured-img":"","footer-sml-layout":"","theme-transparent-header-meta":"","adv-header-id-meta":"","stick-header-meta":"","header-above-stick-meta":"","header-main-stick-meta":"","header-below-stick-meta":"","astra-migrate-meta-layouts":"default","ast-page-background-enabled":"default","ast-page-background-meta":{"desktop":{"background-color":"var(--ast-global-color-5)","background-image":"","background-repeat":"repeat","background-position":"center center","background-size":"auto","background-attachment":"scroll","background-type":"","background-media":"","overlay-type":"","overlay-color":"","overlay-opacity":"","overlay-gradient":""},"tablet":{"background-color":"","background-image":"","background-repeat":"repeat","background-position":"center center","background-size":"auto","background-attachment":"scroll","background-type":"","background-media":"","overlay-type":"","overlay-color":"","overlay-opacity":"","overlay-gradient":""},"mobile":{"background-color":"","background-image":"","background-repeat":"repeat","background-position":"center center","background-size":"auto","background-attachment":"scroll","background-type":"","background-media":"","overlay-type":"","overlay-color":"","overlay-opacity":"","overlay-gradient":""}},"ast-content-background-meta":{"desktop":{"background-color":"var(--ast-global-color-4)","background-image":"","background-repeat":"repeat","background-position":"center center","background-size":"auto","background-attachment":"scroll","background-type":"","background-media":"","overlay-type":"","overlay-color":"","overlay-opacity":"","overlay-gradient":""},"tablet":{"background-color":"var(--ast-global-color-4)","background-image":"","background-repeat":"repeat","background-position":"center center","background-size":"auto","background-attachment":"scroll","background-type":"","background-media":"","overlay-type":"","overlay-color":"","overlay-opacity":"","overlay-gradient":""},"mobile":{"background-color":"var(--ast-global-color-4)","background-image":"","background-repeat":"repeat","background-position":"center center","background-size":"auto","background-attachment":"scroll","background-type":"","background-media":"","overlay-type":"","overlay-color":"","overlay-opacity":"","overlay-gradient":""}},"footnotes":""},"categories":[5],"tags":[13,31,94,119,172,183],"class_list":["post-681","post","type-post","status-publish","format-standard","has-post-thumbnail","hentry","category-coordenadores-de-mesas","tag-10-politicas-de-educacao-superior","tag-23-9-2021-manha","tag-coordenadores-mesas-educon2021","tag-educon2021","tag-marco-arlindo-amorim-melo-nery","tag-mesa-redonda-internacional"],"_links":{"self":[{"href":"https:\/\/coloquioeducon.com\/xvii\/wp-json\/wp\/v2\/posts\/681","targetHints":{"allow":["GET"]}}],"collection":[{"href":"https:\/\/coloquioeducon.com\/xvii\/wp-json\/wp\/v2\/posts"}],"about":[{"href":"https:\/\/coloquioeducon.com\/xvii\/wp-json\/wp\/v2\/types\/post"}],"author":[{"embeddable":true,"href":"https:\/\/coloquioeducon.com\/xvii\/wp-json\/wp\/v2\/users\/1"}],"replies":[{"embeddable":true,"href":"https:\/\/coloquioeducon.com\/xvii\/wp-json\/wp\/v2\/comments?post=681"}],"version-history":[{"count":0,"href":"https:\/\/coloquioeducon.com\/xvii\/wp-json\/wp\/v2\/posts\/681\/revisions"}],"wp:featuredmedia":[{"embeddable":true,"href":"https:\/\/coloquioeducon.com\/xvii\/wp-json\/wp\/v2\/media\/668"}],"wp:attachment":[{"href":"https:\/\/coloquioeducon.com\/xvii\/wp-json\/wp\/v2\/media?parent=681"}],"wp:term":[{"taxonomy":"category","embeddable":true,"href":"https:\/\/coloquioeducon.com\/xvii\/wp-json\/wp\/v2\/categories?post=681"},{"taxonomy":"post_tag","embeddable":true,"href":"https:\/\/coloquioeducon.com\/xvii\/wp-json\/wp\/v2\/tags?post=681"}],"curies":[{"name":"wp","href":"https:\/\/api.w.org\/{rel}","templated":true}]}}