{"id":679,"date":"2021-03-18T20:59:00","date_gmt":"2021-03-18T23:59:00","guid":{"rendered":"https:\/\/coloquioeducon.com\/xv\/?p=679"},"modified":"2021-03-18T20:59:00","modified_gmt":"2021-03-18T23:59:00","slug":"lilian-bacich","status":"publish","type":"post","link":"https:\/\/coloquioeducon.com\/xvii\/2021\/03\/18\/lilian-bacich\/","title":{"rendered":"Lilian Bacich"},"content":{"rendered":"\n<figure class=\"wp-block-pullquote\"><blockquote><p>Doutora em Psicologia Escolar e do Desenvolvimento Humano (USP), Mestre em Educa\u00e7\u00e3o: Psicologia da Educa\u00e7\u00e3o (PUC\/SP), Bi\u00f3loga (Mackenzie) e Pedagoga (USP). Com mais de 25 anos de experi\u00eancia na educa\u00e7\u00e3o b\u00e1sica e no ensino superior, \u00e9 organizadora dos livros: Ensino H\u00edbrido: personaliza\u00e7\u00e3o e tecnologia na educa\u00e7\u00e3o; Metodologias ativas para uma educa\u00e7\u00e3o inovadora e STEAM em sala de aula. Cofundadora da Tr\u00edade Educacional, professora de curso de extens\u00e3o na PUC e coordenadora de P\u00f3s-Gradua\u00e7\u00e3o do Instituto Singularidades.<\/p><\/blockquote><\/figure>\n\n\n\n<ul class=\"wp-block-list\"><li>Pa\u00eds: <strong>Brasil<\/strong><\/li><li>Institui\u00e7\u00e3o:\u00a0<strong><strong>Tr\u00edade Educacional<\/strong><\/strong><\/li><li>Lattes:\u00a0<a rel=\"noreferrer noopener\" href=\"http:\/\/lattes.cnpq.br\/0251916117872077\" target=\"_blank\">http:\/\/lattes.cnpq.br\/0251916117872077<\/a><\/li><li>Redes sociais:\u00a0<strong>@edutriade<\/strong><\/li><li><em>Site<\/em>: <a rel=\"noreferrer noopener\" href=\"http:\/\/lilianbacich.com\" data-type=\"URL\" data-id=\"lilianbacich.com\" target=\"_blank\">lilianbacich.com<\/a><\/li><li>Participa\u00e7\u00e3o:\u00a0<strong>Conferencista<\/strong><\/li><li>Mesa-redonda Nacional: <strong><em><strong><strong><em>\u201c<strong>Educa\u00e7\u00e3o H\u00edbrida: Possibilidades e Desafios<\/strong>.\u201d<\/em><\/strong><\/strong><\/em><\/strong><\/li><li>Data: <strong>23\/9\/2021<\/strong><\/li><li>Hor\u00e1rio: <strong>10h00-11h30<\/strong><\/li><\/ul>\n\n\n\n<p><\/p>\n","protected":false},"excerpt":{"rendered":"<p>Doutora em Psicologia Escolar e do Desenvolvimento Humano (USP), Mestre em Educa\u00e7\u00e3o: Psicologia da Educa\u00e7\u00e3o (PUC\/SP), Bi\u00f3loga (Mackenzie) e Pedagoga [&hellip;]<\/p>\n","protected":false},"author":1,"featured_media":667,"comment_status":"open","ping_status":"open","sticky":false,"template":"","format":"standard","meta":{"site-sidebar-layout":"default","site-content-layout":"","ast-site-content-layout":"default","site-content-style":"default","site-sidebar-style":"default","ast-global-header-display":"","ast-banner-title-visibility":"","ast-main-header-display":"","ast-hfb-above-header-display":"","ast-hfb-below-header-display":"","ast-hfb-mobile-header-display":"","site-post-title":"","ast-breadcrumbs-content":"","ast-featured-img":"","footer-sml-layout":"","theme-transparent-header-meta":"","adv-header-id-meta":"","stick-header-meta":"","header-above-stick-meta":"","header-main-stick-meta":"","header-below-stick-meta":"","astra-migrate-meta-layouts":"default","ast-page-background-enabled":"default","ast-page-background-meta":{"desktop":{"background-color":"var(--ast-global-color-5)","background-image":"","background-repeat":"repeat","background-position":"center center","background-size":"auto","background-attachment":"scroll","background-type":"","background-media":"","overlay-type":"","overlay-color":"","overlay-opacity":"","overlay-gradient":""},"tablet":{"background-color":"","background-image":"","background-repeat":"repeat","background-position":"center center","background-size":"auto","background-attachment":"scroll","background-type":"","background-media":"","overlay-type":"","overlay-color":"","overlay-opacity":"","overlay-gradient":""},"mobile":{"background-color":"","background-image":"","background-repeat":"repeat","background-position":"center center","background-size":"auto","background-attachment":"scroll","background-type":"","background-media":"","overlay-type":"","overlay-color":"","overlay-opacity":"","overlay-gradient":""}},"ast-content-background-meta":{"desktop":{"background-color":"var(--ast-global-color-4)","background-image":"","background-repeat":"repeat","background-position":"center center","background-size":"auto","background-attachment":"scroll","background-type":"","background-media":"","overlay-type":"","overlay-color":"","overlay-opacity":"","overlay-gradient":""},"tablet":{"background-color":"var(--ast-global-color-4)","background-image":"","background-repeat":"repeat","background-position":"center center","background-size":"auto","background-attachment":"scroll","background-type":"","background-media":"","overlay-type":"","overlay-color":"","overlay-opacity":"","overlay-gradient":""},"mobile":{"background-color":"var(--ast-global-color-4)","background-image":"","background-repeat":"repeat","background-position":"center center","background-size":"auto","background-attachment":"scroll","background-type":"","background-media":"","overlay-type":"","overlay-color":"","overlay-opacity":"","overlay-gradient":""}},"footnotes":""},"categories":[4],"tags":[31,46,90,114,119,161,184,216],"class_list":["post-679","post","type-post","status-publish","format-standard","has-post-thumbnail","hentry","category-conferencista","tag-23-9-2021-manha","tag-8-educacao-inovacao-e-tecnologias","tag-conferencista-educon2021","tag-educacao-hibrida","tag-educon2021","tag-lilian-bacich","tag-mesa-redonda-nacional","tag-tecnologias-educacionais"],"_links":{"self":[{"href":"https:\/\/coloquioeducon.com\/xvii\/wp-json\/wp\/v2\/posts\/679","targetHints":{"allow":["GET"]}}],"collection":[{"href":"https:\/\/coloquioeducon.com\/xvii\/wp-json\/wp\/v2\/posts"}],"about":[{"href":"https:\/\/coloquioeducon.com\/xvii\/wp-json\/wp\/v2\/types\/post"}],"author":[{"embeddable":true,"href":"https:\/\/coloquioeducon.com\/xvii\/wp-json\/wp\/v2\/users\/1"}],"replies":[{"embeddable":true,"href":"https:\/\/coloquioeducon.com\/xvii\/wp-json\/wp\/v2\/comments?post=679"}],"version-history":[{"count":0,"href":"https:\/\/coloquioeducon.com\/xvii\/wp-json\/wp\/v2\/posts\/679\/revisions"}],"wp:featuredmedia":[{"embeddable":true,"href":"https:\/\/coloquioeducon.com\/xvii\/wp-json\/wp\/v2\/media\/667"}],"wp:attachment":[{"href":"https:\/\/coloquioeducon.com\/xvii\/wp-json\/wp\/v2\/media?parent=679"}],"wp:term":[{"taxonomy":"category","embeddable":true,"href":"https:\/\/coloquioeducon.com\/xvii\/wp-json\/wp\/v2\/categories?post=679"},{"taxonomy":"post_tag","embeddable":true,"href":"https:\/\/coloquioeducon.com\/xvii\/wp-json\/wp\/v2\/tags?post=679"}],"curies":[{"name":"wp","href":"https:\/\/api.w.org\/{rel}","templated":true}]}}