{"id":677,"date":"2021-03-18T20:59:00","date_gmt":"2021-03-18T23:59:00","guid":{"rendered":"https:\/\/coloquioeducon.com\/xv\/?p=677"},"modified":"2021-03-18T20:59:00","modified_gmt":"2021-03-18T23:59:00","slug":"leandro-holanda","status":"publish","type":"post","link":"https:\/\/coloquioeducon.com\/xvii\/2021\/03\/18\/leandro-holanda\/","title":{"rendered":"Leandro Holanda Fernandes de Lima"},"content":{"rendered":"\n<figure class=\"wp-block-pullquote\"><blockquote><p>Mestre em ci\u00eancias pela USP e especialista em tecnologias educacionais pela PUC-SP. \u00c9 co-fundador da Tr\u00edade Educacional, e possui experi\u00eancia como gestor educacional em escolas privadas, e como especialista em educa\u00e7\u00e3o em empresas como a Funda\u00e7\u00e3o Lemann, Associa\u00e7\u00e3o Nova Escola, Microsoft e Editora Moderna. \u00c9 tamb\u00e9m professor de Metodologias Ativas na p\u00f3s-gradua\u00e7\u00e3o do Instituto Singularidades. Participou de forma\u00e7\u00f5es sobre STEM na NSTA em Atlanta e na Universidade de Stanford. \u00c9 um dos autores do livro intitulado Ensino H\u00edbrido: Tecnologia e Personaliza\u00e7\u00e3o na Educa\u00e7\u00e3o, lan\u00e7ado em 2015 pela editora Penso e indicado ao pr\u00eamio Jabuti em 2016 e organizador da obra STEAM em Sala de Aula, lan\u00e7ado em 2020 pela editora Penso.<\/p><\/blockquote><\/figure>\n\n\n\n<ul class=\"wp-block-list\"><li>Pa\u00eds:\u00a0<strong>Brasil<\/strong><\/li><li>Institui\u00e7\u00e3o:\u00a0<strong>Tr\u00edade Educacional<\/strong><\/li><li>Lattes: http:\/\/lattes.cnpq.br\/4841308176165231<\/li><li>Redes sociais:\u00a0<a rel=\"noreferrer noopener\" href=\"http:\/\/facebook.com\/edutriade\" data-type=\"URL\" data-id=\"facebook.com\/edutriade\" target=\"_blank\">Facebook<\/a>; <a rel=\"noreferrer noopener\" href=\"http:\/\/@edutriade\" data-type=\"URL\" data-id=\"@edutriade\" target=\"_blank\">Instagram<\/a>; <a rel=\"noreferrer noopener\" href=\"https:\/\/www.linkedin.com\/company\/triade-edu\" data-type=\"URL\" data-id=\"https:\/\/www.linkedin.com\/company\/triade-edu\" target=\"_blank\">LinkedIn<\/a><\/li><li><em>Site<\/em>:\u00a0<a rel=\"noreferrer noopener\" href=\"http:\/\/www.triade.me\" target=\"_blank\">www.triade.me<\/a><\/li><li>Participa\u00e7\u00e3o:\u00a0<strong>Conferencista<\/strong><\/li><li>Mesa-redonda Nacional:\u00a0<strong><em><strong><em>\u201c<strong>Educa\u00e7\u00e3o H\u00edbrida: Possibilidades e Desafios<\/strong>.\u201d<\/em><\/strong><\/em><\/strong><\/li><li>Data:\u00a0<strong>23\/9\/2021<\/strong><\/li><li>Hor\u00e1rio:\u00a0<strong>10h00-11h30<\/strong><\/li><\/ul>\n","protected":false},"excerpt":{"rendered":"<p>Mestre em ci\u00eancias pela USP e especialista em tecnologias educacionais pela PUC-SP. \u00c9 co-fundador da Tr\u00edade Educacional, e possui experi\u00eancia [&hellip;]<\/p>\n","protected":false},"author":1,"featured_media":666,"comment_status":"open","ping_status":"open","sticky":false,"template":"","format":"standard","meta":{"site-sidebar-layout":"default","site-content-layout":"","ast-site-content-layout":"default","site-content-style":"default","site-sidebar-style":"default","ast-global-header-display":"","ast-banner-title-visibility":"","ast-main-header-display":"","ast-hfb-above-header-display":"","ast-hfb-below-header-display":"","ast-hfb-mobile-header-display":"","site-post-title":"","ast-breadcrumbs-content":"","ast-featured-img":"","footer-sml-layout":"","theme-transparent-header-meta":"","adv-header-id-meta":"","stick-header-meta":"","header-above-stick-meta":"","header-main-stick-meta":"","header-below-stick-meta":"","astra-migrate-meta-layouts":"default","ast-page-background-enabled":"default","ast-page-background-meta":{"desktop":{"background-color":"var(--ast-global-color-5)","background-image":"","background-repeat":"repeat","background-position":"center center","background-size":"auto","background-attachment":"scroll","background-type":"","background-media":"","overlay-type":"","overlay-color":"","overlay-opacity":"","overlay-gradient":""},"tablet":{"background-color":"","background-image":"","background-repeat":"repeat","background-position":"center center","background-size":"auto","background-attachment":"scroll","background-type":"","background-media":"","overlay-type":"","overlay-color":"","overlay-opacity":"","overlay-gradient":""},"mobile":{"background-color":"","background-image":"","background-repeat":"repeat","background-position":"center center","background-size":"auto","background-attachment":"scroll","background-type":"","background-media":"","overlay-type":"","overlay-color":"","overlay-opacity":"","overlay-gradient":""}},"ast-content-background-meta":{"desktop":{"background-color":"var(--ast-global-color-4)","background-image":"","background-repeat":"repeat","background-position":"center center","background-size":"auto","background-attachment":"scroll","background-type":"","background-media":"","overlay-type":"","overlay-color":"","overlay-opacity":"","overlay-gradient":""},"tablet":{"background-color":"var(--ast-global-color-4)","background-image":"","background-repeat":"repeat","background-position":"center center","background-size":"auto","background-attachment":"scroll","background-type":"","background-media":"","overlay-type":"","overlay-color":"","overlay-opacity":"","overlay-gradient":""},"mobile":{"background-color":"var(--ast-global-color-4)","background-image":"","background-repeat":"repeat","background-position":"center center","background-size":"auto","background-attachment":"scroll","background-type":"","background-media":"","overlay-type":"","overlay-color":"","overlay-opacity":"","overlay-gradient":""}},"footnotes":""},"categories":[4],"tags":[31,46,90,114,119,159,184,216],"class_list":["post-677","post","type-post","status-publish","format-standard","has-post-thumbnail","hentry","category-conferencista","tag-23-9-2021-manha","tag-8-educacao-inovacao-e-tecnologias","tag-conferencista-educon2021","tag-educacao-hibrida","tag-educon2021","tag-leandro-holanda","tag-mesa-redonda-nacional","tag-tecnologias-educacionais"],"_links":{"self":[{"href":"https:\/\/coloquioeducon.com\/xvii\/wp-json\/wp\/v2\/posts\/677","targetHints":{"allow":["GET"]}}],"collection":[{"href":"https:\/\/coloquioeducon.com\/xvii\/wp-json\/wp\/v2\/posts"}],"about":[{"href":"https:\/\/coloquioeducon.com\/xvii\/wp-json\/wp\/v2\/types\/post"}],"author":[{"embeddable":true,"href":"https:\/\/coloquioeducon.com\/xvii\/wp-json\/wp\/v2\/users\/1"}],"replies":[{"embeddable":true,"href":"https:\/\/coloquioeducon.com\/xvii\/wp-json\/wp\/v2\/comments?post=677"}],"version-history":[{"count":0,"href":"https:\/\/coloquioeducon.com\/xvii\/wp-json\/wp\/v2\/posts\/677\/revisions"}],"wp:featuredmedia":[{"embeddable":true,"href":"https:\/\/coloquioeducon.com\/xvii\/wp-json\/wp\/v2\/media\/666"}],"wp:attachment":[{"href":"https:\/\/coloquioeducon.com\/xvii\/wp-json\/wp\/v2\/media?parent=677"}],"wp:term":[{"taxonomy":"category","embeddable":true,"href":"https:\/\/coloquioeducon.com\/xvii\/wp-json\/wp\/v2\/categories?post=677"},{"taxonomy":"post_tag","embeddable":true,"href":"https:\/\/coloquioeducon.com\/xvii\/wp-json\/wp\/v2\/tags?post=677"}],"curies":[{"name":"wp","href":"https:\/\/api.w.org\/{rel}","templated":true}]}}