{"id":675,"date":"2021-03-18T20:58:00","date_gmt":"2021-03-18T23:58:00","guid":{"rendered":"https:\/\/coloquioeducon.com\/xv\/?p=675"},"modified":"2021-03-18T20:58:00","modified_gmt":"2021-03-18T23:58:00","slug":"herbert-lima","status":"publish","type":"post","link":"https:\/\/coloquioeducon.com\/xvii\/2021\/03\/18\/herbert-lima\/","title":{"rendered":"Francisco Herbert Lima Vasconcelos"},"content":{"rendered":"\n<figure class=\"wp-block-pullquote\"><blockquote><p>P\u00f3s-Doutor em Educa\u00e7\u00e3o, Doutor em An\u00e1lise Multilinear e Avalia\u00e7\u00e3o Educacional em Teleinform\u00e1tica, Mestre em Computa\u00e7\u00e3o com pesquisas em Tecnologia Educacional e graduado em F\u00edsica. Toda a forma\u00e7\u00e3o acad\u00eamica na Universidade Federal do Cear\u00e1 (UFC) e atualmente Secret\u00e1rio de Educa\u00e7\u00e3o de Sobral.<\/p><\/blockquote><\/figure>\n\n\n\n<ul class=\"wp-block-list\"><li>Pa\u00eds:\u00a0<strong>Brasil<\/strong><\/li><li>Institui\u00e7\u00e3o:\u00a0<strong><strong>Universidade Federal do Cear\u00e1 (UFC)<\/strong><\/strong><\/li><li>Lattes:\u00a0<a href=\"http:\/\/lattes.cnpq.br\/0512183585660835\">http:\/\/lattes.cnpq.br\/0512183585660835<\/a><\/li><li>Orcid: <a rel=\"noreferrer noopener\" href=\"http:\/\/orcid.org\/0000-0003-4896-9024\" data-type=\"URL\" data-id=\"orcid.org\/0000-0003-4896-9024\" target=\"_blank\">orcid.org\/0000-0003-4896-9024<\/a><\/li><li>Instagram:\u00a0<a rel=\"noreferrer noopener\" href=\"https:\/\/www.instagram.com\/herbert_lima_vasconcelos\/?hl=pt-br\" data-type=\"URL\" data-id=\"https:\/\/www.instagram.com\/herbert_lima_vasconcelos\/?hl=pt-br\" target=\"_blank\">@hebert_lima_vasconcelos<\/a><\/li><li>Participa\u00e7\u00e3o:\u00a0<strong>Conferencista<\/strong><\/li><li>Confer\u00eancia Nacional:\u00a0<strong><em><strong><em>\u201c<strong>Desafios de Uma Educa\u00e7\u00e3o P\u00fablica de Qualidade e as Experi\u00eancias em Tempo de Pandemia de Sobral\/CE<\/strong>.\u201d<\/em><\/strong><\/em><\/strong><\/li><li>Data:\u00a0<strong>24\/9\/2021<\/strong><\/li><li>Hor\u00e1rio:\u00a0<strong>10h00-11h30<\/strong><\/li><\/ul>\n\n\n\n<p><\/p>\n","protected":false},"excerpt":{"rendered":"<p>P\u00f3s-Doutor em Educa\u00e7\u00e3o, Doutor em An\u00e1lise Multilinear e Avalia\u00e7\u00e3o Educacional em Teleinform\u00e1tica, Mestre em Computa\u00e7\u00e3o com pesquisas em Tecnologia Educacional [&hellip;]<\/p>\n","protected":false},"author":1,"featured_media":662,"comment_status":"open","ping_status":"open","sticky":false,"template":"","format":"standard","meta":{"site-sidebar-layout":"default","site-content-layout":"","ast-site-content-layout":"default","site-content-style":"default","site-sidebar-style":"default","ast-global-header-display":"","ast-banner-title-visibility":"","ast-main-header-display":"","ast-hfb-above-header-display":"","ast-hfb-below-header-display":"","ast-hfb-mobile-header-display":"","site-post-title":"","ast-breadcrumbs-content":"","ast-featured-img":"","footer-sml-layout":"","theme-transparent-header-meta":"","adv-header-id-meta":"","stick-header-meta":"","header-above-stick-meta":"","header-main-stick-meta":"","header-below-stick-meta":"","astra-migrate-meta-layouts":"default","ast-page-background-enabled":"default","ast-page-background-meta":{"desktop":{"background-color":"var(--ast-global-color-5)","background-image":"","background-repeat":"repeat","background-position":"center center","background-size":"auto","background-attachment":"scroll","background-type":"","background-media":"","overlay-type":"","overlay-color":"","overlay-opacity":"","overlay-gradient":""},"tablet":{"background-color":"","background-image":"","background-repeat":"repeat","background-position":"center center","background-size":"auto","background-attachment":"scroll","background-type":"","background-media":"","overlay-type":"","overlay-color":"","overlay-opacity":"","overlay-gradient":""},"mobile":{"background-color":"","background-image":"","background-repeat":"repeat","background-position":"center center","background-size":"auto","background-attachment":"scroll","background-type":"","background-media":"","overlay-type":"","overlay-color":"","overlay-opacity":"","overlay-gradient":""}},"ast-content-background-meta":{"desktop":{"background-color":"var(--ast-global-color-4)","background-image":"","background-repeat":"repeat","background-position":"center center","background-size":"auto","background-attachment":"scroll","background-type":"","background-media":"","overlay-type":"","overlay-color":"","overlay-opacity":"","overlay-gradient":""},"tablet":{"background-color":"var(--ast-global-color-4)","background-image":"","background-repeat":"repeat","background-position":"center center","background-size":"auto","background-attachment":"scroll","background-type":"","background-media":"","overlay-type":"","overlay-color":"","overlay-opacity":"","overlay-gradient":""},"mobile":{"background-color":"var(--ast-global-color-4)","background-image":"","background-repeat":"repeat","background-position":"center center","background-size":"auto","background-attachment":"scroll","background-type":"","background-media":"","overlay-type":"","overlay-color":"","overlay-opacity":"","overlay-gradient":""}},"footnotes":""},"categories":[4],"tags":[12,37,89,90,117,119,130,145],"class_list":["post-675","post","type-post","status-publish","format-standard","has-post-thumbnail","hentry","category-conferencista","tag-1-politicas-publicas-para-a-educacao-basica-diversidade-etnico-racial-e-legislacao-educacional","tag-24-9-2021-manha","tag-conferencia-nacional","tag-conferencista-educon2021","tag-educacao-publica","tag-educon2021","tag-escola-publica","tag-herbert-lima"],"_links":{"self":[{"href":"https:\/\/coloquioeducon.com\/xvii\/wp-json\/wp\/v2\/posts\/675","targetHints":{"allow":["GET"]}}],"collection":[{"href":"https:\/\/coloquioeducon.com\/xvii\/wp-json\/wp\/v2\/posts"}],"about":[{"href":"https:\/\/coloquioeducon.com\/xvii\/wp-json\/wp\/v2\/types\/post"}],"author":[{"embeddable":true,"href":"https:\/\/coloquioeducon.com\/xvii\/wp-json\/wp\/v2\/users\/1"}],"replies":[{"embeddable":true,"href":"https:\/\/coloquioeducon.com\/xvii\/wp-json\/wp\/v2\/comments?post=675"}],"version-history":[{"count":0,"href":"https:\/\/coloquioeducon.com\/xvii\/wp-json\/wp\/v2\/posts\/675\/revisions"}],"wp:featuredmedia":[{"embeddable":true,"href":"https:\/\/coloquioeducon.com\/xvii\/wp-json\/wp\/v2\/media\/662"}],"wp:attachment":[{"href":"https:\/\/coloquioeducon.com\/xvii\/wp-json\/wp\/v2\/media?parent=675"}],"wp:term":[{"taxonomy":"category","embeddable":true,"href":"https:\/\/coloquioeducon.com\/xvii\/wp-json\/wp\/v2\/categories?post=675"},{"taxonomy":"post_tag","embeddable":true,"href":"https:\/\/coloquioeducon.com\/xvii\/wp-json\/wp\/v2\/tags?post=675"}],"curies":[{"name":"wp","href":"https:\/\/api.w.org\/{rel}","templated":true}]}}