{"id":659,"date":"2021-03-18T20:56:57","date_gmt":"2021-03-18T23:56:57","guid":{"rendered":"https:\/\/coloquioeducon.com\/xv\/?p=659"},"modified":"2021-03-18T20:56:57","modified_gmt":"2021-03-18T23:56:57","slug":"claudia-broitman","status":"publish","type":"post","link":"https:\/\/coloquioeducon.com\/xvii\/2021\/03\/18\/claudia-broitman\/","title":{"rendered":"Claudia Broitman"},"content":{"rendered":"\n<figure class=\"wp-block-pullquote\"><blockquote><p>Profesora de Ense\u00f1anza Primaria, Licenciada en Ciencias de la Educaci\u00f3n (UBA) y Doctora en Ciencias de la Educaci\u00f3n. Profesora de Did\u00e1ctica de la Matem\u00e1tica en carreras de grado y de posgrado en la Universidad Nacional de La Plata (UNLP) y en posgrados de otras universidades de diferentes pa\u00edses. Directora de la \u201cEspecializaci\u00f3n en Ense\u00f1anza de las Matem\u00e1ticas para el Nivel Inicial y Nivel Primario\u201d e Investigadora en el Instituto de Investigaciones en Humanidades y Ciencias Sociales (IdIHCS) en UNLP<\/p><\/blockquote><\/figure>\n\n\n\n<ul class=\"wp-block-list\"><li>Pa\u00eds: <strong>Argentina<\/strong><\/li><li>Institui\u00e7\u00e3o:\u00a0<strong>Facultad de Humanidades y Ciencias de la Educaci\u00f3n &#8211; Universidad Nacional de La Plata<\/strong><\/li><li>Orcid:\u00a0<a rel=\"noreferrer noopener\" href=\"http:\/\/orcid.org\/0000-0002-1774-6752\" data-type=\"URL\" data-id=\"orcid.org\/0000-0002-1774-6752\" target=\"_blank\">orcid.org\/0000-0002-1774-6752<\/a><\/li><li><em>Site<\/em>: <a rel=\"noreferrer noopener\" href=\"http:\/\/www.memoria.fahce.unlp.edu.ar\/perfiles\/0196BroitmanC\" target=\"_blank\">http:\/\/www.memoria.fahce.unlp.edu.ar\/perfiles\/0196BroitmanC<\/a><\/li><li>Facebook: <a rel=\"noreferrer noopener\" href=\"https:\/\/www.facebook.com\/Especializaci%C3%B3n-en-Ense%C3%B1anza-de-las-Matem%C3%A1ticas-Nivel-Inicial-y-Primario-100440254686451\" data-type=\"URL\" data-id=\"https:\/\/www.facebook.com\/Especializaci%C3%B3n-en-Ense%C3%B1anza-de-las-Matem%C3%A1ticas-Nivel-Inicial-y-Primario-100440254686451\" target=\"_blank\">Especializaci\u00f3n en Ense\u00f1anza de las Matem\u00e1ticas Nivel Inicial y Primario<\/a><\/li><li>Participa\u00e7\u00e3o:\u00a0<strong>Conferencista<\/strong><\/li><li>Mesa-redonda: <strong><em>\u201cNi\u00f1os con discapacidad aprendiendo matem\u00e1ticas. Desaf\u00edos para la ense\u00f1anza.\u201d<\/em><\/strong><\/li><li>Data: <strong>23\/9\/2021<\/strong><\/li><li>Hor\u00e1rio: <strong>10h00-11h30<\/strong><\/li><\/ul>\n","protected":false},"excerpt":{"rendered":"<p>Profesora de Ense\u00f1anza Primaria, Licenciada en Ciencias de la Educaci\u00f3n (UBA) y Doctora en Ciencias de la Educaci\u00f3n. Profesora de [&hellip;]<\/p>\n","protected":false},"author":1,"featured_media":661,"comment_status":"open","ping_status":"open","sticky":false,"template":"","format":"standard","meta":{"site-sidebar-layout":"default","site-content-layout":"","ast-site-content-layout":"default","site-content-style":"default","site-sidebar-style":"default","ast-global-header-display":"","ast-banner-title-visibility":"","ast-main-header-display":"","ast-hfb-above-header-display":"","ast-hfb-below-header-display":"","ast-hfb-mobile-header-display":"","site-post-title":"","ast-breadcrumbs-content":"","ast-featured-img":"","footer-sml-layout":"","theme-transparent-header-meta":"","adv-header-id-meta":"","stick-header-meta":"","header-above-stick-meta":"","header-main-stick-meta":"","header-below-stick-meta":"","astra-migrate-meta-layouts":"default","ast-page-background-enabled":"default","ast-page-background-meta":{"desktop":{"background-color":"var(--ast-global-color-5)","background-image":"","background-repeat":"repeat","background-position":"center center","background-size":"auto","background-attachment":"scroll","background-type":"","background-media":"","overlay-type":"","overlay-color":"","overlay-opacity":"","overlay-gradient":""},"tablet":{"background-color":"","background-image":"","background-repeat":"repeat","background-position":"center center","background-size":"auto","background-attachment":"scroll","background-type":"","background-media":"","overlay-type":"","overlay-color":"","overlay-opacity":"","overlay-gradient":""},"mobile":{"background-color":"","background-image":"","background-repeat":"repeat","background-position":"center center","background-size":"auto","background-attachment":"scroll","background-type":"","background-media":"","overlay-type":"","overlay-color":"","overlay-opacity":"","overlay-gradient":""}},"ast-content-background-meta":{"desktop":{"background-color":"var(--ast-global-color-4)","background-image":"","background-repeat":"repeat","background-position":"center center","background-size":"auto","background-attachment":"scroll","background-type":"","background-media":"","overlay-type":"","overlay-color":"","overlay-opacity":"","overlay-gradient":""},"tablet":{"background-color":"var(--ast-global-color-4)","background-image":"","background-repeat":"repeat","background-position":"center center","background-size":"auto","background-attachment":"scroll","background-type":"","background-media":"","overlay-type":"","overlay-color":"","overlay-opacity":"","overlay-gradient":""},"mobile":{"background-color":"var(--ast-global-color-4)","background-image":"","background-repeat":"repeat","background-position":"center center","background-size":"auto","background-attachment":"scroll","background-type":"","background-media":"","overlay-type":"","overlay-color":"","overlay-opacity":"","overlay-gradient":""}},"footnotes":""},"categories":[4],"tags":[31,42,68,82,90,95,113,115,119,127,162,183],"class_list":["post-659","post","type-post","status-publish","format-standard","has-post-thumbnail","hentry","category-conferencista","tag-23-9-2021-manha","tag-5-ensino-de-matematica-e-ciencias-da-natureza","tag-argentina","tag-claudia-broitman","tag-conferencista-educon2021","tag-criancas","tag-educacao-especial","tag-educacao-inclusiva","tag-educon2021","tag-ensino-de-matematica","tag-lingua-espanhola","tag-mesa-redonda-internacional"],"_links":{"self":[{"href":"https:\/\/coloquioeducon.com\/xvii\/wp-json\/wp\/v2\/posts\/659","targetHints":{"allow":["GET"]}}],"collection":[{"href":"https:\/\/coloquioeducon.com\/xvii\/wp-json\/wp\/v2\/posts"}],"about":[{"href":"https:\/\/coloquioeducon.com\/xvii\/wp-json\/wp\/v2\/types\/post"}],"author":[{"embeddable":true,"href":"https:\/\/coloquioeducon.com\/xvii\/wp-json\/wp\/v2\/users\/1"}],"replies":[{"embeddable":true,"href":"https:\/\/coloquioeducon.com\/xvii\/wp-json\/wp\/v2\/comments?post=659"}],"version-history":[{"count":0,"href":"https:\/\/coloquioeducon.com\/xvii\/wp-json\/wp\/v2\/posts\/659\/revisions"}],"wp:featuredmedia":[{"embeddable":true,"href":"https:\/\/coloquioeducon.com\/xvii\/wp-json\/wp\/v2\/media\/661"}],"wp:attachment":[{"href":"https:\/\/coloquioeducon.com\/xvii\/wp-json\/wp\/v2\/media?parent=659"}],"wp:term":[{"taxonomy":"category","embeddable":true,"href":"https:\/\/coloquioeducon.com\/xvii\/wp-json\/wp\/v2\/categories?post=659"},{"taxonomy":"post_tag","embeddable":true,"href":"https:\/\/coloquioeducon.com\/xvii\/wp-json\/wp\/v2\/tags?post=659"}],"curies":[{"name":"wp","href":"https:\/\/api.w.org\/{rel}","templated":true}]}}