{"id":619,"date":"2021-03-17T00:14:31","date_gmt":"2021-03-17T03:14:31","guid":{"rendered":"https:\/\/coloquioeducon.com\/xv\/?p=619"},"modified":"2021-03-17T00:14:31","modified_gmt":"2021-03-17T03:14:31","slug":"marco-antonio-moreira","status":"publish","type":"post","link":"https:\/\/coloquioeducon.com\/xvii\/2021\/03\/17\/marco-antonio-moreira\/","title":{"rendered":"Marco Antonio Moreira"},"content":{"rendered":"\n<figure class=\"wp-block-pullquote\"><blockquote><p>Licenciado e Mestre em F\u00edsica, UFRGS\/RS\/Brasil . Doutor em Educa\u00e7\u00e3o, Cornell University\/USA. Professor de F\u00edsica na UFRGS de 1967 a 2012. Pesquisador 1A do CNPq, em Educa\u00e7\u00e3o, de 1989 a 2014. Interesse em ensino de ci\u00eancias e teorias de aprendizagem. Publicou 280 artigos e 56 livros . Orientou 61 disserta\u00e7\u00f5es de mestrado e 60 teses de doutorado. Atualmente \u00e9 docente em PPGs na UBU\/Espanha, UERR\/Boa Vista, RR e UNIVATES\/Lajeado, RS.<\/p><\/blockquote><\/figure>\n\n\n\n<ul class=\"wp-block-list\"><li>Pa\u00eds: Brasil<\/li><li>Institui\u00e7\u00e3o:&nbsp;<strong>Instituto de F\u00edsica da UFRGS\/Professor Titular Em\u00e9rito<\/strong><\/li><li>Lattes:&nbsp;<a rel=\"noreferrer noopener\" href=\"http:\/\/lattes.cnpq.br\/5078954333145104\" target=\"_blank\">http:\/\/lattes.cnpq.br\/5078954333145104<\/a><\/li><li>Orcid:&nbsp;<a rel=\"noreferrer noopener\" href=\"https:\/\/orcid.org\/0000-0003-2989-619X\" target=\"_blank\">https:\/\/orcid.org\/0000-0003-2989 -619X<\/a><\/li><li><em>Site<\/em>: <a href=\"http:\/\/moreira.if.ufrgs.br\">http:\/\/moreira.if.ufrgs.br<\/a><\/li><li>Participa\u00e7\u00e3o:&nbsp;<strong>Conferencista<\/strong><\/li><li>Confer\u00eancia: <strong><strong><em>\u201c<strong>Conceitos de interesse e experi\u00eancia de Dewey, autoefic\u00e1cia e autorregula\u00e7\u00e3o de Bandura e carga cognitiva de Sweller: implica\u00e7\u00f5es para o Ensino.<\/strong>\u201d<\/em><\/strong><\/strong><\/li><li>Data: <strong>23\/9\/2021<\/strong><\/li><li>Hor\u00e1rio: <strong>17h00-18h30<\/strong><\/li><\/ul>\n","protected":false},"excerpt":{"rendered":"<p>Licenciado e Mestre em F\u00edsica, UFRGS\/RS\/Brasil . Doutor em Educa\u00e7\u00e3o, Cornell University\/USA. Professor de F\u00edsica na UFRGS de 1967 a [&hellip;]<\/p>\n","protected":false},"author":1,"featured_media":620,"comment_status":"open","ping_status":"open","sticky":false,"template":"","format":"standard","meta":{"site-sidebar-layout":"default","site-content-layout":"","ast-site-content-layout":"default","site-content-style":"default","site-sidebar-style":"default","ast-global-header-display":"","ast-banner-title-visibility":"","ast-main-header-display":"","ast-hfb-above-header-display":"","ast-hfb-below-header-display":"","ast-hfb-mobile-header-display":"","site-post-title":"","ast-breadcrumbs-content":"","ast-featured-img":"","footer-sml-layout":"","theme-transparent-header-meta":"","adv-header-id-meta":"","stick-header-meta":"","header-above-stick-meta":"","header-main-stick-meta":"","header-below-stick-meta":"","astra-migrate-meta-layouts":"default","ast-page-background-enabled":"default","ast-page-background-meta":{"desktop":{"background-color":"var(--ast-global-color-5)","background-image":"","background-repeat":"repeat","background-position":"center center","background-size":"auto","background-attachment":"scroll","background-type":"","background-media":"","overlay-type":"","overlay-color":"","overlay-opacity":"","overlay-gradient":""},"tablet":{"background-color":"","background-image":"","background-repeat":"repeat","background-position":"center center","background-size":"auto","background-attachment":"scroll","background-type":"","background-media":"","overlay-type":"","overlay-color":"","overlay-opacity":"","overlay-gradient":""},"mobile":{"background-color":"","background-image":"","background-repeat":"repeat","background-position":"center center","background-size":"auto","background-attachment":"scroll","background-type":"","background-media":"","overlay-type":"","overlay-color":"","overlay-opacity":"","overlay-gradient":""}},"ast-content-background-meta":{"desktop":{"background-color":"var(--ast-global-color-4)","background-image":"","background-repeat":"repeat","background-position":"center center","background-size":"auto","background-attachment":"scroll","background-type":"","background-media":"","overlay-type":"","overlay-color":"","overlay-opacity":"","overlay-gradient":""},"tablet":{"background-color":"var(--ast-global-color-4)","background-image":"","background-repeat":"repeat","background-position":"center center","background-size":"auto","background-attachment":"scroll","background-type":"","background-media":"","overlay-type":"","overlay-color":"","overlay-opacity":"","overlay-gradient":""},"mobile":{"background-color":"var(--ast-global-color-4)","background-image":"","background-repeat":"repeat","background-position":"center center","background-size":"auto","background-attachment":"scroll","background-type":"","background-media":"","overlay-type":"","overlay-color":"","overlay-opacity":"","overlay-gradient":""}},"footnotes":""},"categories":[4],"tags":[30,42,65,66,71,89,90,102,112,119,126,171,214],"class_list":["post-619","post","type-post","status-publish","format-standard","has-post-thumbnail","hentry","category-conferencista","tag-23-9-2021","tag-5-ensino-de-matematica-e-ciencias-da-natureza","tag-aprendizagem","tag-aprendizagem-significativa","tag-bandura","tag-conferencia-nacional","tag-conferencista-educon2021","tag-dewey","tag-educacao","tag-educon2021","tag-ensino","tag-marco-antonio-moreira","tag-sweller"],"_links":{"self":[{"href":"https:\/\/coloquioeducon.com\/xvii\/wp-json\/wp\/v2\/posts\/619","targetHints":{"allow":["GET"]}}],"collection":[{"href":"https:\/\/coloquioeducon.com\/xvii\/wp-json\/wp\/v2\/posts"}],"about":[{"href":"https:\/\/coloquioeducon.com\/xvii\/wp-json\/wp\/v2\/types\/post"}],"author":[{"embeddable":true,"href":"https:\/\/coloquioeducon.com\/xvii\/wp-json\/wp\/v2\/users\/1"}],"replies":[{"embeddable":true,"href":"https:\/\/coloquioeducon.com\/xvii\/wp-json\/wp\/v2\/comments?post=619"}],"version-history":[{"count":0,"href":"https:\/\/coloquioeducon.com\/xvii\/wp-json\/wp\/v2\/posts\/619\/revisions"}],"wp:featuredmedia":[{"embeddable":true,"href":"https:\/\/coloquioeducon.com\/xvii\/wp-json\/wp\/v2\/media\/620"}],"wp:attachment":[{"href":"https:\/\/coloquioeducon.com\/xvii\/wp-json\/wp\/v2\/media?parent=619"}],"wp:term":[{"taxonomy":"category","embeddable":true,"href":"https:\/\/coloquioeducon.com\/xvii\/wp-json\/wp\/v2\/categories?post=619"},{"taxonomy":"post_tag","embeddable":true,"href":"https:\/\/coloquioeducon.com\/xvii\/wp-json\/wp\/v2\/tags?post=619"}],"curies":[{"name":"wp","href":"https:\/\/api.w.org\/{rel}","templated":true}]}}