{"id":578,"date":"2021-03-12T11:11:36","date_gmt":"2021-03-12T14:11:36","guid":{"rendered":"https:\/\/coloquioeducon.com\/xv\/?p=578"},"modified":"2021-03-12T11:11:36","modified_gmt":"2021-03-12T14:11:36","slug":"veleida-capua-charlot","status":"publish","type":"post","link":"https:\/\/coloquioeducon.com\/xvii\/2021\/03\/12\/veleida-capua-charlot\/","title":{"rendered":"Veleida Anahi Capua da Silva Charlot"},"content":{"rendered":"\n<figure class=\"wp-block-pullquote\"><blockquote><p>Professora Titular da Universidade Federal de Sergipe (Departamento de Educa\u00e7\u00e3o). Atuou por 15 anos como professora da Educa\u00e7\u00e3o B\u00e1sica (Ci\u00eancias e Matem\u00e1tica). Doutora em Ci\u00eancias da Educa\u00e7\u00e3o pela Universidade de Paris 8 (Fran\u00e7a), P\u00f3s-doutora pela Universidade Federal de Sergipe. Coordenou a implanta\u00e7\u00e3o do Programa de P\u00f3s-gradua\u00e7\u00e3o em Ensino de Ci\u00eancias e Matem\u00e1tica na UFS (7\/2008 a 7\/2013). Membro dos Programas de P\u00f3s-Gradua\u00e7\u00e3o em Educa\u00e7\u00e3o (PPGED\/UFS), em Ensino de Ci\u00eancias e Matem\u00e1tica (PPGECIMA\/UFS) e em Ensino de F\u00edsica (MNPEF\/UFS). Fundou e lidera o Grupo de Estudos e Pesquisa Educa\u00e7\u00e3o e Contemporaneidade &#8211; EDUCON. Coordenadora Geral do Col\u00f3quio Internacional EDUCON. Editora-Chefe da Revista Internacional Educon.<\/p><\/blockquote><\/figure>\n\n\n\n<ul class=\"wp-block-list\"><li>Pa\u00eds: Brasil<\/li><li>Institui\u00e7\u00e3o:&nbsp;<strong>Universidade Federal de Sergipe<\/strong><\/li><li>Lattes:&nbsp;<a href=\"http:\/\/lattes.cnpq.br\/2177713463189438\">http:\/\/lattes.cnpq.br\/2177713463189438<\/a><\/li><li>Orcid:&nbsp;<a href=\"https:\/\/orcid.org\/0000-0001-8725-4238\"><\/a><a href=\"https:\/\/orcid.org\/0000-0002-0920-5884\">https:\/\/orcid.org\/0000-0002-0920-5884<\/a><\/li><li>Participa\u00e7\u00e3o:&nbsp;<strong>Coordenadora-Geral<\/strong>;<strong> Editora-Chefe<\/strong>.<\/li><li>Interessa-se pelos temas: Rela\u00e7\u00e3o com o saber, Saberes Escolares e Pr\u00e1ticas Educativas, Ensino e Aprendizagem em Ci\u00eancias e Matem\u00e1tica, Forma\u00e7\u00e3o de professores e Tecnologias da Informa\u00e7\u00e3o e Comunica\u00e7\u00e3o aplicadas \u00e0 Educa\u00e7\u00e3o.<\/li><li>Contato: <strong>veleida@grupoeducon.com<\/strong>.<\/li><\/ul>\n","protected":false},"excerpt":{"rendered":"<p>Professora Titular da Universidade Federal de Sergipe (Departamento de Educa\u00e7\u00e3o). Atuou por 15 anos como professora da Educa\u00e7\u00e3o B\u00e1sica (Ci\u00eancias [&hellip;]<\/p>\n","protected":false},"author":1,"featured_media":979,"comment_status":"open","ping_status":"open","sticky":false,"template":"","format":"standard","meta":{"site-sidebar-layout":"default","site-content-layout":"","ast-site-content-layout":"default","site-content-style":"default","site-sidebar-style":"default","ast-global-header-display":"","ast-banner-title-visibility":"","ast-main-header-display":"","ast-hfb-above-header-display":"","ast-hfb-below-header-display":"","ast-hfb-mobile-header-display":"","site-post-title":"","ast-breadcrumbs-content":"","ast-featured-img":"","footer-sml-layout":"","theme-transparent-header-meta":"","adv-header-id-meta":"","stick-header-meta":"","header-above-stick-meta":"","header-main-stick-meta":"","header-below-stick-meta":"","astra-migrate-meta-layouts":"default","ast-page-background-enabled":"default","ast-page-background-meta":{"desktop":{"background-color":"var(--ast-global-color-5)","background-image":"","background-repeat":"repeat","background-position":"center center","background-size":"auto","background-attachment":"scroll","background-type":"","background-media":"","overlay-type":"","overlay-color":"","overlay-opacity":"","overlay-gradient":""},"tablet":{"background-color":"","background-image":"","background-repeat":"repeat","background-position":"center center","background-size":"auto","background-attachment":"scroll","background-type":"","background-media":"","overlay-type":"","overlay-color":"","overlay-opacity":"","overlay-gradient":""},"mobile":{"background-color":"","background-image":"","background-repeat":"repeat","background-position":"center center","background-size":"auto","background-attachment":"scroll","background-type":"","background-media":"","overlay-type":"","overlay-color":"","overlay-opacity":"","overlay-gradient":""}},"ast-content-background-meta":{"desktop":{"background-color":"var(--ast-global-color-4)","background-image":"","background-repeat":"repeat","background-position":"center center","background-size":"auto","background-attachment":"scroll","background-type":"","background-media":"","overlay-type":"","overlay-color":"","overlay-opacity":"","overlay-gradient":""},"tablet":{"background-color":"var(--ast-global-color-4)","background-image":"","background-repeat":"repeat","background-position":"center center","background-size":"auto","background-attachment":"scroll","background-type":"","background-media":"","overlay-type":"","overlay-color":"","overlay-opacity":"","overlay-gradient":""},"mobile":{"background-color":"var(--ast-global-color-4)","background-image":"","background-repeat":"repeat","background-position":"center center","background-size":"auto","background-attachment":"scroll","background-type":"","background-media":"","overlay-type":"","overlay-color":"","overlay-opacity":"","overlay-gradient":""}},"footnotes":""},"categories":[6],"tags":[39,42,46,47,83,84,91,108,109,119,128,223],"class_list":["post-578","post","type-post","status-publish","format-standard","has-post-thumbnail","hentry","category-equipe","tag-3-educacao-sociedade-e-praticas-educativas","tag-5-ensino-de-matematica-e-ciencias-da-natureza","tag-8-educacao-inovacao-e-tecnologias","tag-9-relacao-com-o-saber","tag-comissao-cientifica","tag-comissao-organizadora","tag-coordenadora-geral","tag-editora-chefe","tag-editores-cientificos","tag-educon2021","tag-equipe","tag-veleida-anahi-capua-da-silva-charlot"],"_links":{"self":[{"href":"https:\/\/coloquioeducon.com\/xvii\/wp-json\/wp\/v2\/posts\/578","targetHints":{"allow":["GET"]}}],"collection":[{"href":"https:\/\/coloquioeducon.com\/xvii\/wp-json\/wp\/v2\/posts"}],"about":[{"href":"https:\/\/coloquioeducon.com\/xvii\/wp-json\/wp\/v2\/types\/post"}],"author":[{"embeddable":true,"href":"https:\/\/coloquioeducon.com\/xvii\/wp-json\/wp\/v2\/users\/1"}],"replies":[{"embeddable":true,"href":"https:\/\/coloquioeducon.com\/xvii\/wp-json\/wp\/v2\/comments?post=578"}],"version-history":[{"count":0,"href":"https:\/\/coloquioeducon.com\/xvii\/wp-json\/wp\/v2\/posts\/578\/revisions"}],"wp:featuredmedia":[{"embeddable":true,"href":"https:\/\/coloquioeducon.com\/xvii\/wp-json\/wp\/v2\/media\/979"}],"wp:attachment":[{"href":"https:\/\/coloquioeducon.com\/xvii\/wp-json\/wp\/v2\/media?parent=578"}],"wp:term":[{"taxonomy":"category","embeddable":true,"href":"https:\/\/coloquioeducon.com\/xvii\/wp-json\/wp\/v2\/categories?post=578"},{"taxonomy":"post_tag","embeddable":true,"href":"https:\/\/coloquioeducon.com\/xvii\/wp-json\/wp\/v2\/tags?post=578"}],"curies":[{"name":"wp","href":"https:\/\/api.w.org\/{rel}","templated":true}]}}