{"id":560,"date":"2021-03-11T14:28:21","date_gmt":"2021-03-11T17:28:21","guid":{"rendered":"https:\/\/coloquioeducon.com\/xv\/?p=560"},"modified":"2021-03-11T14:28:21","modified_gmt":"2021-03-11T17:28:21","slug":"bernard-charlot","status":"publish","type":"post","link":"https:\/\/coloquioeducon.com\/xvii\/2021\/03\/11\/bernard-charlot\/","title":{"rendered":"Bernard Charlot"},"content":{"rendered":"\n<figure class=\"wp-block-pullquote\"><blockquote><p>Formado em Filosofia (Fran\u00e7a). Doutor e Livre-docente da Universidade Paris X (1985). Professor Titular em Ci\u00eancias da Educa\u00e7\u00e3o da Universidade Paris 8 (Fran\u00e7a, 1987-2003), onde \u00e9 Professor Em\u00e9rito. Desde 2006, Professor na Universidade Federal de Sergipe. Escreveu ou organizou 22 livros. Tem textos traduzidos em 18 pa\u00edses. Seu \u00fatimo livro foi traduzido em 2020 na Cortez: Educa\u00e7\u00e3o ou Barb\u00e1rie?<\/p><\/blockquote><\/figure>\n\n\n\n<ul class=\"wp-block-list\"><li>Pa\u00eds: Fran\u00e7a.<\/li><li>Institui\u00e7\u00e3o:&nbsp;<strong><strong>Universit\u00e9 de Paris 8&nbsp; e Universidade Federal de Sergipe<\/strong><\/strong><\/li><li>Lattes:&nbsp;<a href=\"http:\/\/lattes.cnpq.br\/4687158600283895\">http:\/\/lattes.cnpq.br\/4687158600283895<\/a><\/li><li>Orcid:&nbsp;<a href=\"https:\/\/orcid.org\/0000-0001-8725-4238\">https:\/\/orcid.org\/0000-0001-8725-4238<\/a><\/li><li>Participa\u00e7\u00e3o:&nbsp;<strong>Conferencista; Presidente da Comiss\u00e3o Cient\u00edfica; Editor-Cient\u00edfico.<\/strong><\/li><li>Confer\u00eancia:&nbsp;\u201c<strong><em>Ser\u00e1 que o ser humano \u00e9 um animal como os outros? A quest\u00e3o antropol\u00f3gica em educa\u00e7\u00e3o<\/em><\/strong><em><strong>.<\/strong><\/em>\u201d<\/li><li>Data:&nbsp;<strong>22\/9\/2021<\/strong><\/li><li>Hor\u00e1rio:&nbsp;<strong>14h00-15h30<\/strong>.<\/li><\/ul>\n\n\n\n<div class=\"wp-block-file\"><a href=\"https:\/\/coloquioeducon.com\/xvi\/wp-content\/uploads\/2021\/03\/flyer-Educacao-ou-Barbarie-2.pdf\" target=\"_blank\" rel=\"noreferrer noopener\">Flyer-Educacao-ou-Barbarie &#8211; Portugu\u00eas<\/a><\/div>\n\n\n\n<div class=\"wp-block-file\"><a href=\"https:\/\/coloquioeducon.com\/xvi\/wp-content\/uploads\/2021\/03\/Flyer-Charlot-Education-et-barbarie-1-1.pdf\" target=\"_blank\" rel=\"noreferrer noopener\">Flyer-Education-et-barbarie  Francais<\/a><\/div>\n\n\n\n<p><\/p>\n","protected":false},"excerpt":{"rendered":"<p>Formado em Filosofia (Fran\u00e7a). Doutor e Livre-docente da Universidade Paris X (1985). Professor Titular em Ci\u00eancias da Educa\u00e7\u00e3o da Universidade [&hellip;]<\/p>\n","protected":false},"author":1,"featured_media":573,"comment_status":"open","ping_status":"open","sticky":false,"template":"","format":"standard","meta":{"site-sidebar-layout":"default","site-content-layout":"","ast-site-content-layout":"default","site-content-style":"default","site-sidebar-style":"default","ast-global-header-display":"","ast-banner-title-visibility":"","ast-main-header-display":"","ast-hfb-above-header-display":"","ast-hfb-below-header-display":"","ast-hfb-mobile-header-display":"","site-post-title":"","ast-breadcrumbs-content":"","ast-featured-img":"","footer-sml-layout":"","theme-transparent-header-meta":"","adv-header-id-meta":"","stick-header-meta":"","header-above-stick-meta":"","header-main-stick-meta":"","header-below-stick-meta":"","astra-migrate-meta-layouts":"default","ast-page-background-enabled":"default","ast-page-background-meta":{"desktop":{"background-color":"var(--ast-global-color-5)","background-image":"","background-repeat":"repeat","background-position":"center center","background-size":"auto","background-attachment":"scroll","background-type":"","background-media":"","overlay-type":"","overlay-color":"","overlay-opacity":"","overlay-gradient":""},"tablet":{"background-color":"","background-image":"","background-repeat":"repeat","background-position":"center center","background-size":"auto","background-attachment":"scroll","background-type":"","background-media":"","overlay-type":"","overlay-color":"","overlay-opacity":"","overlay-gradient":""},"mobile":{"background-color":"","background-image":"","background-repeat":"repeat","background-position":"center center","background-size":"auto","background-attachment":"scroll","background-type":"","background-media":"","overlay-type":"","overlay-color":"","overlay-opacity":"","overlay-gradient":""}},"ast-content-background-meta":{"desktop":{"background-color":"var(--ast-global-color-4)","background-image":"","background-repeat":"repeat","background-position":"center center","background-size":"auto","background-attachment":"scroll","background-type":"","background-media":"","overlay-type":"","overlay-color":"","overlay-opacity":"","overlay-gradient":""},"tablet":{"background-color":"var(--ast-global-color-4)","background-image":"","background-repeat":"repeat","background-position":"center center","background-size":"auto","background-attachment":"scroll","background-type":"","background-media":"","overlay-type":"","overlay-color":"","overlay-opacity":"","overlay-gradient":""},"mobile":{"background-color":"var(--ast-global-color-4)","background-image":"","background-repeat":"repeat","background-position":"center center","background-size":"auto","background-attachment":"scroll","background-type":"","background-media":"","overlay-type":"","overlay-color":"","overlay-opacity":"","overlay-gradient":""}},"footnotes":""},"categories":[4,6],"tags":[24,47,64,72,83,84,88,90,109,112,119,128,139,207],"class_list":["post-560","post","type-post","status-publish","format-standard","has-post-thumbnail","hentry","category-conferencista","category-equipe","tag-22-9-2021","tag-9-relacao-com-o-saber","tag-antropologia","tag-bernard-charlot","tag-comissao-cientifica","tag-comissao-organizadora","tag-conferencia-internacional","tag-conferencista-educon2021","tag-editores-cientificos","tag-educacao","tag-educon2021","tag-equipe","tag-franca","tag-seres-humanos"],"_links":{"self":[{"href":"https:\/\/coloquioeducon.com\/xvii\/wp-json\/wp\/v2\/posts\/560","targetHints":{"allow":["GET"]}}],"collection":[{"href":"https:\/\/coloquioeducon.com\/xvii\/wp-json\/wp\/v2\/posts"}],"about":[{"href":"https:\/\/coloquioeducon.com\/xvii\/wp-json\/wp\/v2\/types\/post"}],"author":[{"embeddable":true,"href":"https:\/\/coloquioeducon.com\/xvii\/wp-json\/wp\/v2\/users\/1"}],"replies":[{"embeddable":true,"href":"https:\/\/coloquioeducon.com\/xvii\/wp-json\/wp\/v2\/comments?post=560"}],"version-history":[{"count":0,"href":"https:\/\/coloquioeducon.com\/xvii\/wp-json\/wp\/v2\/posts\/560\/revisions"}],"wp:featuredmedia":[{"embeddable":true,"href":"https:\/\/coloquioeducon.com\/xvii\/wp-json\/wp\/v2\/media\/573"}],"wp:attachment":[{"href":"https:\/\/coloquioeducon.com\/xvii\/wp-json\/wp\/v2\/media?parent=560"}],"wp:term":[{"taxonomy":"category","embeddable":true,"href":"https:\/\/coloquioeducon.com\/xvii\/wp-json\/wp\/v2\/categories?post=560"},{"taxonomy":"post_tag","embeddable":true,"href":"https:\/\/coloquioeducon.com\/xvii\/wp-json\/wp\/v2\/tags?post=560"}],"curies":[{"name":"wp","href":"https:\/\/api.w.org\/{rel}","templated":true}]}}