{"id":547,"date":"2021-03-11T02:37:19","date_gmt":"2021-03-11T05:37:19","guid":{"rendered":"https:\/\/coloquioeducon.com\/xv\/?p=547"},"modified":"2021-03-11T02:37:19","modified_gmt":"2021-03-11T05:37:19","slug":"libaneo","status":"publish","type":"post","link":"https:\/\/coloquioeducon.com\/xvii\/2021\/03\/11\/libaneo\/","title":{"rendered":"Jos\u00e9 Carlos Lib\u00e2neo"},"content":{"rendered":"\n<figure class=\"wp-block-pullquote\"><blockquote><p>Doutor em Filosofia e Hist\u00f3ria da Educa\u00e7\u00e3o pela PUC-SP e p\u00f3s-doutor pela Universidade de Valladolid (Espanha). \u00c9 professor titular da PUC Goi\u00e1s e professor aposentado da Universidade Federal de Goi\u00e1s. Atua na \u00e1rea de Educa\u00e7\u00e3o, ensinando, pesquisando e escrevendo sobre os seguintes temas: teorias da educa\u00e7\u00e3o, teoria hist\u00f3rico-cultural, teoria do ensino para o desenvolvimento humano, did\u00e1tica e forma\u00e7\u00e3o de professores, ensino e aprendizagem, pol\u00edticas p\u00fablicas para a escola, organiza\u00e7\u00e3o e gest\u00e3o da escola. Possui Bolsa de Produtividade do CNPq, N\u00edvel 2. \u00c9 membro da Associa\u00e7\u00e3o Nacional de Pesquisa em Educa\u00e7\u00e3o (ANPEd), fundador e membro do Centro de Estudos sobre Did\u00e1tica e Pr\u00e1ticas de Ensino (CEPEd), fundador e Secret\u00e1rio da Associa\u00e7\u00e3o Nacional de Did\u00e1tica e Pr\u00e1ticas de Ensino (ANDIPE), membro da Comiss\u00e3o Organizador dos Encontros Estaduais de Did\u00e1tica e Pr\u00e1ticas de Ensino (ENDIPE). \u00c9 membro do Conselho Editorial de diversas revistas especializadas do campo da Educa\u00e7\u00e3o.<\/p><\/blockquote><\/figure>\n\n\n\n<ul class=\"wp-block-list\"><li>Pa\u00eds: Brasil<\/li><li>Institui\u00e7\u00e3o: <strong>Pontif\u00edcia Universidade Cat\u00f3lica de Goi\u00e1s<\/strong><\/li><li>Lattes: <a href=\"http:\/\/lattes.cnpq.br\/7261628151334430\">http:\/\/lattes.cnpq.br\/7261628151334430<\/a><\/li><li>Orcid: <a href=\"https:\/\/orcid.org\/0000-0001-6821-5946\">https:\/\/orcid.org\/0000-0001-6821-5946<\/a><\/li><li>Participa\u00e7\u00e3o: <strong>Conferencista<\/strong><\/li><li>Confer\u00eancia: <strong><strong><em>\u201c<strong>O\u00a0professor e a professora na escola socialmente justa.<\/strong>\u201d<\/em><\/strong><\/strong><\/li><li>Data: <strong>24\/9\/2021<\/strong><\/li><li>Hor\u00e1rio: <strong>15h30-17h00<\/strong>.<\/li><\/ul>\n","protected":false},"excerpt":{"rendered":"<p>Doutor em Filosofia e Hist\u00f3ria da Educa\u00e7\u00e3o pela PUC-SP e p\u00f3s-doutor pela Universidade de Valladolid (Espanha). \u00c9 professor titular da [&hellip;]<\/p>\n","protected":false},"author":1,"featured_media":556,"comment_status":"open","ping_status":"open","sticky":false,"template":"","format":"standard","meta":{"site-sidebar-layout":"default","site-content-layout":"","ast-site-content-layout":"default","site-content-style":"default","site-sidebar-style":"default","ast-global-header-display":"","ast-banner-title-visibility":"","ast-main-header-display":"","ast-hfb-above-header-display":"","ast-hfb-below-header-display":"","ast-hfb-mobile-header-display":"","site-post-title":"","ast-breadcrumbs-content":"","ast-featured-img":"","footer-sml-layout":"","theme-transparent-header-meta":"","adv-header-id-meta":"","stick-header-meta":"","header-above-stick-meta":"","header-main-stick-meta":"","header-below-stick-meta":"","astra-migrate-meta-layouts":"default","ast-page-background-enabled":"default","ast-page-background-meta":{"desktop":{"background-color":"var(--ast-global-color-5)","background-image":"","background-repeat":"repeat","background-position":"center center","background-size":"auto","background-attachment":"scroll","background-type":"","background-media":"","overlay-type":"","overlay-color":"","overlay-opacity":"","overlay-gradient":""},"tablet":{"background-color":"","background-image":"","background-repeat":"repeat","background-position":"center center","background-size":"auto","background-attachment":"scroll","background-type":"","background-media":"","overlay-type":"","overlay-color":"","overlay-opacity":"","overlay-gradient":""},"mobile":{"background-color":"","background-image":"","background-repeat":"repeat","background-position":"center center","background-size":"auto","background-attachment":"scroll","background-type":"","background-media":"","overlay-type":"","overlay-color":"","overlay-opacity":"","overlay-gradient":""}},"ast-content-background-meta":{"desktop":{"background-color":"var(--ast-global-color-4)","background-image":"","background-repeat":"repeat","background-position":"center center","background-size":"auto","background-attachment":"scroll","background-type":"","background-media":"","overlay-type":"","overlay-color":"","overlay-opacity":"","overlay-gradient":""},"tablet":{"background-color":"var(--ast-global-color-4)","background-image":"","background-repeat":"repeat","background-position":"center center","background-size":"auto","background-attachment":"scroll","background-type":"","background-media":"","overlay-type":"","overlay-color":"","overlay-opacity":"","overlay-gradient":""},"mobile":{"background-color":"var(--ast-global-color-4)","background-image":"","background-repeat":"repeat","background-position":"center center","background-size":"auto","background-attachment":"scroll","background-type":"","background-media":"","overlay-type":"","overlay-color":"","overlay-opacity":"","overlay-gradient":""}},"footnotes":""},"categories":[4],"tags":[16,36,89,90,119,129,192,196,197],"class_list":["post-547","post","type-post","status-publish","format-standard","has-post-thumbnail","hentry","category-conferencista","tag-11-curriculo-gestao-e-organizacao-do-trabalho-pedagogico","tag-24-9-2021","tag-conferencia-nacional","tag-conferencista-educon2021","tag-educon2021","tag-escola","tag-pedagogia","tag-professor","tag-professora"],"_links":{"self":[{"href":"https:\/\/coloquioeducon.com\/xvii\/wp-json\/wp\/v2\/posts\/547","targetHints":{"allow":["GET"]}}],"collection":[{"href":"https:\/\/coloquioeducon.com\/xvii\/wp-json\/wp\/v2\/posts"}],"about":[{"href":"https:\/\/coloquioeducon.com\/xvii\/wp-json\/wp\/v2\/types\/post"}],"author":[{"embeddable":true,"href":"https:\/\/coloquioeducon.com\/xvii\/wp-json\/wp\/v2\/users\/1"}],"replies":[{"embeddable":true,"href":"https:\/\/coloquioeducon.com\/xvii\/wp-json\/wp\/v2\/comments?post=547"}],"version-history":[{"count":0,"href":"https:\/\/coloquioeducon.com\/xvii\/wp-json\/wp\/v2\/posts\/547\/revisions"}],"wp:featuredmedia":[{"embeddable":true,"href":"https:\/\/coloquioeducon.com\/xvii\/wp-json\/wp\/v2\/media\/556"}],"wp:attachment":[{"href":"https:\/\/coloquioeducon.com\/xvii\/wp-json\/wp\/v2\/media?parent=547"}],"wp:term":[{"taxonomy":"category","embeddable":true,"href":"https:\/\/coloquioeducon.com\/xvii\/wp-json\/wp\/v2\/categories?post=547"},{"taxonomy":"post_tag","embeddable":true,"href":"https:\/\/coloquioeducon.com\/xvii\/wp-json\/wp\/v2\/tags?post=547"}],"curies":[{"name":"wp","href":"https:\/\/api.w.org\/{rel}","templated":true}]}}