{"id":3232,"date":"2021-09-20T10:42:43","date_gmt":"2021-09-20T13:42:43","guid":{"rendered":"https:\/\/coloquioeducon.com\/xv\/?p=3232"},"modified":"2021-09-20T10:42:43","modified_gmt":"2021-09-20T13:42:43","slug":"sandro-marcio-drumond-alves-marengo","status":"publish","type":"post","link":"https:\/\/coloquioeducon.com\/xvii\/2021\/09\/20\/sandro-marcio-drumond-alves-marengo\/","title":{"rendered":"Sandro Marc\u00edo Drumond Alves Marengo"},"content":{"rendered":"\n<figure class=\"wp-block-pullquote\"><blockquote><p><strong>Professor de Lingu\u00edstica do Departamento de Letras Vern\u00e1culas e dos Programas de P\u00f3s-Gradua\u00e7\u00e3o Stricto Sensu acad\u00eamico (PPGL) e Profissional em Letras (Profletras) da Universidade Federal de Sergipe (UFS) e do Programa de P\u00f3s-gradua\u00e7\u00e3o em Estudos Lingu\u00edsticos (PPGEL) da Universidade Estadual de Feira de Santana (UEFS). Possui est\u00e1gio P\u00f3s-doutoral em Terminologia e Humanidades Digitais (Universidad Complutense de Madrid) e Filologia Textual (UFBA\/CNPq), Doutorado em Estudos Lingu\u00edsticos (UFMG), Mestrado e Gradua\u00e7\u00e3o em Letras Neolatinas &#8211; portugu\u00eas, italiano e espanhol (UFRJ). Integra o Comit\u00ea de Estudos Especiais 239 (Servi\u00e7os de tradu\u00e7\u00e3o, interpreta\u00e7\u00e3o e tecnologias relacionadas) da Associa\u00e7\u00e3o Brasileira de Normas e T\u00e9cnicas (ABNT). Coordena o Laborat\u00f3rio de Humanidades Digitais e Documenta\u00e7\u00e3o Terminol\u00f3gica (LADOC) da UFS. \u00c9 tradutor de italiano do Tribunal de Justi\u00e7a de Sergipe. Atualmente, faz parte da Diretoria da Associa\u00e7\u00e3o Brasileira de Lingu\u00edstica (ABRALIN).<\/strong><\/p><\/blockquote><\/figure>\n\n\n\n<ul class=\"wp-block-list\"><li>Pa\u00eds: Brasil<\/li><li>Institui\u00e7\u00e3o: Universidade Federal de Sergipe<\/li><li>Orcid: https:\/\/orcid.org\/0000-0003-4658-004X<\/li><li>Lattes: http:\/\/lattes.cnpq.br\/6298566119978760<\/li><li>Participa\u00e7\u00e3o: Tradutor<\/li><li>Mesa Redonda Internacional: Por uma pedagogia do di\u00e1logo<\/li><li>Data: 24\/09\/2021<\/li><li>Hor\u00e1rio: 10h00-11h30<br><br><br><br><\/li><\/ul>\n","protected":false},"excerpt":{"rendered":"<p>Professor de Lingu\u00edstica do Departamento de Letras Vern\u00e1culas e dos Programas de P\u00f3s-Gradua\u00e7\u00e3o Stricto Sensu acad\u00eamico (PPGL) e Profissional em [&hellip;]<\/p>\n","protected":false},"author":2,"featured_media":3233,"comment_status":"open","ping_status":"open","sticky":false,"template":"","format":"standard","meta":{"site-sidebar-layout":"default","site-content-layout":"","ast-site-content-layout":"default","site-content-style":"default","site-sidebar-style":"default","ast-global-header-display":"","ast-banner-title-visibility":"","ast-main-header-display":"","ast-hfb-above-header-display":"","ast-hfb-below-header-display":"","ast-hfb-mobile-header-display":"","site-post-title":"","ast-breadcrumbs-content":"","ast-featured-img":"","footer-sml-layout":"","theme-transparent-header-meta":"","adv-header-id-meta":"","stick-header-meta":"","header-above-stick-meta":"","header-main-stick-meta":"","header-below-stick-meta":"","astra-migrate-meta-layouts":"default","ast-page-background-enabled":"default","ast-page-background-meta":{"desktop":{"background-color":"var(--ast-global-color-5)","background-image":"","background-repeat":"repeat","background-position":"center center","background-size":"auto","background-attachment":"scroll","background-type":"","background-media":"","overlay-type":"","overlay-color":"","overlay-opacity":"","overlay-gradient":""},"tablet":{"background-color":"","background-image":"","background-repeat":"repeat","background-position":"center center","background-size":"auto","background-attachment":"scroll","background-type":"","background-media":"","overlay-type":"","overlay-color":"","overlay-opacity":"","overlay-gradient":""},"mobile":{"background-color":"","background-image":"","background-repeat":"repeat","background-position":"center center","background-size":"auto","background-attachment":"scroll","background-type":"","background-media":"","overlay-type":"","overlay-color":"","overlay-opacity":"","overlay-gradient":""}},"ast-content-background-meta":{"desktop":{"background-color":"var(--ast-global-color-4)","background-image":"","background-repeat":"repeat","background-position":"center center","background-size":"auto","background-attachment":"scroll","background-type":"","background-media":"","overlay-type":"","overlay-color":"","overlay-opacity":"","overlay-gradient":""},"tablet":{"background-color":"var(--ast-global-color-4)","background-image":"","background-repeat":"repeat","background-position":"center center","background-size":"auto","background-attachment":"scroll","background-type":"","background-media":"","overlay-type":"","overlay-color":"","overlay-opacity":"","overlay-gradient":""},"mobile":{"background-color":"var(--ast-global-color-4)","background-image":"","background-repeat":"repeat","background-position":"center center","background-size":"auto","background-attachment":"scroll","background-type":"","background-media":"","overlay-type":"","overlay-color":"","overlay-opacity":"","overlay-gradient":""}},"footnotes":""},"categories":[9],"tags":[119],"class_list":["post-3232","post","type-post","status-publish","format-standard","has-post-thumbnail","hentry","category-tradutores","tag-educon2021"],"_links":{"self":[{"href":"https:\/\/coloquioeducon.com\/xvii\/wp-json\/wp\/v2\/posts\/3232","targetHints":{"allow":["GET"]}}],"collection":[{"href":"https:\/\/coloquioeducon.com\/xvii\/wp-json\/wp\/v2\/posts"}],"about":[{"href":"https:\/\/coloquioeducon.com\/xvii\/wp-json\/wp\/v2\/types\/post"}],"author":[{"embeddable":true,"href":"https:\/\/coloquioeducon.com\/xvii\/wp-json\/wp\/v2\/users\/2"}],"replies":[{"embeddable":true,"href":"https:\/\/coloquioeducon.com\/xvii\/wp-json\/wp\/v2\/comments?post=3232"}],"version-history":[{"count":0,"href":"https:\/\/coloquioeducon.com\/xvii\/wp-json\/wp\/v2\/posts\/3232\/revisions"}],"wp:featuredmedia":[{"embeddable":true,"href":"https:\/\/coloquioeducon.com\/xvii\/wp-json\/wp\/v2\/media\/3233"}],"wp:attachment":[{"href":"https:\/\/coloquioeducon.com\/xvii\/wp-json\/wp\/v2\/media?parent=3232"}],"wp:term":[{"taxonomy":"category","embeddable":true,"href":"https:\/\/coloquioeducon.com\/xvii\/wp-json\/wp\/v2\/categories?post=3232"},{"taxonomy":"post_tag","embeddable":true,"href":"https:\/\/coloquioeducon.com\/xvii\/wp-json\/wp\/v2\/tags?post=3232"}],"curies":[{"name":"wp","href":"https:\/\/api.w.org\/{rel}","templated":true}]}}