{"id":3142,"date":"2021-09-17T09:42:45","date_gmt":"2021-09-17T12:42:45","guid":{"rendered":"https:\/\/coloquioeducon.com\/xv\/?p=3142"},"modified":"2021-09-17T09:42:45","modified_gmt":"2021-09-17T12:42:45","slug":"francely-aparecida-dos-santos-2","status":"publish","type":"post","link":"https:\/\/coloquioeducon.com\/xvii\/2021\/09\/17\/francely-aparecida-dos-santos-2\/","title":{"rendered":"Francely Aparecida dos Santos"},"content":{"rendered":"\n<figure class=\"wp-block-pullquote\"><blockquote><p><strong>Sou DOUTORA EM EDUCA\u00c7\u00c3O: Forma\u00e7\u00e3o de Professores, pela Universidade Metodista de Piracicaba &#8211; UNIMEP-SP (2012), e possuo MESTRADO EM EDUCA\u00c7\u00c3O : Forma\u00e7\u00e3o de Professores, pela UNIVERSIDADE DE UBERABA-UNIUBE (2003). Sou graduada em licenciatura plena em Pedagogia (1999), pela Universidade Estadual de Montes Claros\/MG -UNIMONTES, e em Matem\u00e1tica (2000), pela Pontif\u00edcia Universidade Cat\u00f3lica de Minas Gerais &#8211; PUC-MG.<\/strong><\/p><\/blockquote><\/figure>\n\n\n\n<ul class=\"wp-block-list\"><li>Pa\u00eds: Brasil<\/li><li>Institui\u00e7\u00e3o: Universidade Estadual de Montes Claros &#8211; Unimontes<\/li><li>Orcid: http:\/\/orcid.org\/0000-0002-0521-1910.<\/li><li>Lattes: http:\/\/lattes.cnpq.br\/4726379078159200<\/li><li>Participa\u00e7\u00e3o: Coordenadora<\/li><li>Mesa Redonda Nacional: Pedagogia das Pessoas.<\/li><li>Data: 24\/09\/2021<\/li><li>Hor\u00e1rio: 17h00-18h30<\/li><li>Eixo: 11 Curr\u00edculo, Gest\u00e3o e Organiza\u00e7\u00e3o do Trabalho Pedag\u00f3gico<\/li><\/ul>\n","protected":false},"excerpt":{"rendered":"<p>Sou DOUTORA EM EDUCA\u00c7\u00c3O: Forma\u00e7\u00e3o de Professores, pela Universidade Metodista de Piracicaba &#8211; UNIMEP-SP (2012), e possuo MESTRADO EM EDUCA\u00c7\u00c3O [&hellip;]<\/p>\n","protected":false},"author":2,"featured_media":3143,"comment_status":"open","ping_status":"open","sticky":false,"template":"","format":"standard","meta":{"site-sidebar-layout":"default","site-content-layout":"","ast-site-content-layout":"default","site-content-style":"default","site-sidebar-style":"default","ast-global-header-display":"","ast-banner-title-visibility":"","ast-main-header-display":"","ast-hfb-above-header-display":"","ast-hfb-below-header-display":"","ast-hfb-mobile-header-display":"","site-post-title":"","ast-breadcrumbs-content":"","ast-featured-img":"","footer-sml-layout":"","theme-transparent-header-meta":"","adv-header-id-meta":"","stick-header-meta":"","header-above-stick-meta":"","header-main-stick-meta":"","header-below-stick-meta":"","astra-migrate-meta-layouts":"default","ast-page-background-enabled":"default","ast-page-background-meta":{"desktop":{"background-color":"var(--ast-global-color-5)","background-image":"","background-repeat":"repeat","background-position":"center center","background-size":"auto","background-attachment":"scroll","background-type":"","background-media":"","overlay-type":"","overlay-color":"","overlay-opacity":"","overlay-gradient":""},"tablet":{"background-color":"","background-image":"","background-repeat":"repeat","background-position":"center center","background-size":"auto","background-attachment":"scroll","background-type":"","background-media":"","overlay-type":"","overlay-color":"","overlay-opacity":"","overlay-gradient":""},"mobile":{"background-color":"","background-image":"","background-repeat":"repeat","background-position":"center center","background-size":"auto","background-attachment":"scroll","background-type":"","background-media":"","overlay-type":"","overlay-color":"","overlay-opacity":"","overlay-gradient":""}},"ast-content-background-meta":{"desktop":{"background-color":"var(--ast-global-color-4)","background-image":"","background-repeat":"repeat","background-position":"center center","background-size":"auto","background-attachment":"scroll","background-type":"","background-media":"","overlay-type":"","overlay-color":"","overlay-opacity":"","overlay-gradient":""},"tablet":{"background-color":"var(--ast-global-color-4)","background-image":"","background-repeat":"repeat","background-position":"center center","background-size":"auto","background-attachment":"scroll","background-type":"","background-media":"","overlay-type":"","overlay-color":"","overlay-opacity":"","overlay-gradient":""},"mobile":{"background-color":"var(--ast-global-color-4)","background-image":"","background-repeat":"repeat","background-position":"center center","background-size":"auto","background-attachment":"scroll","background-type":"","background-media":"","overlay-type":"","overlay-color":"","overlay-opacity":"","overlay-gradient":""}},"footnotes":""},"categories":[5],"tags":[16,94,119],"class_list":["post-3142","post","type-post","status-publish","format-standard","has-post-thumbnail","hentry","category-coordenadores-de-mesas","tag-11-curriculo-gestao-e-organizacao-do-trabalho-pedagogico","tag-coordenadores-mesas-educon2021","tag-educon2021"],"_links":{"self":[{"href":"https:\/\/coloquioeducon.com\/xvii\/wp-json\/wp\/v2\/posts\/3142","targetHints":{"allow":["GET"]}}],"collection":[{"href":"https:\/\/coloquioeducon.com\/xvii\/wp-json\/wp\/v2\/posts"}],"about":[{"href":"https:\/\/coloquioeducon.com\/xvii\/wp-json\/wp\/v2\/types\/post"}],"author":[{"embeddable":true,"href":"https:\/\/coloquioeducon.com\/xvii\/wp-json\/wp\/v2\/users\/2"}],"replies":[{"embeddable":true,"href":"https:\/\/coloquioeducon.com\/xvii\/wp-json\/wp\/v2\/comments?post=3142"}],"version-history":[{"count":0,"href":"https:\/\/coloquioeducon.com\/xvii\/wp-json\/wp\/v2\/posts\/3142\/revisions"}],"wp:featuredmedia":[{"embeddable":true,"href":"https:\/\/coloquioeducon.com\/xvii\/wp-json\/wp\/v2\/media\/3143"}],"wp:attachment":[{"href":"https:\/\/coloquioeducon.com\/xvii\/wp-json\/wp\/v2\/media?parent=3142"}],"wp:term":[{"taxonomy":"category","embeddable":true,"href":"https:\/\/coloquioeducon.com\/xvii\/wp-json\/wp\/v2\/categories?post=3142"},{"taxonomy":"post_tag","embeddable":true,"href":"https:\/\/coloquioeducon.com\/xvii\/wp-json\/wp\/v2\/tags?post=3142"}],"curies":[{"name":"wp","href":"https:\/\/api.w.org\/{rel}","templated":true}]}}