{"id":3139,"date":"2021-09-17T09:40:47","date_gmt":"2021-09-17T12:40:47","guid":{"rendered":"https:\/\/coloquioeducon.com\/xv\/?p=3139"},"modified":"2021-09-17T09:40:47","modified_gmt":"2021-09-17T12:40:47","slug":"jose-mario-aleluia-oliveira","status":"publish","type":"post","link":"https:\/\/coloquioeducon.com\/xvii\/2021\/09\/17\/jose-mario-aleluia-oliveira\/","title":{"rendered":"Jos\u00e9 M\u00e1rio Aleluia Oliveira"},"content":{"rendered":"\n<figure class=\"wp-block-pullquote\"><blockquote><p><strong>Doutor em Educa\u00e7\u00e3o (2007), na \u00e1rea tem\u00e1tica Educa\u00e7\u00e3o, Conhecimento, linguagem e Arte, pela UNICAMP &#8211; Universidade Estadual de Campinas, Mestre em Educa\u00e7\u00e3o (2001), na \u00e1rea tem\u00e1tica Educa\u00e7\u00e3o, Ci\u00eancia e Tecnologia, tamb\u00e9m, pela UNICAMP &#8211; Universidade Estadual de Campinas, doutorado Sandu\u00edche em Pedagogia Social no Sommersemester 2003 na Universit\u00e4t Siegen na Alemanha no Programa Internacional de Doutoramento INEDD\\DAAD<\/strong>.<\/p><\/blockquote><\/figure>\n\n\n\n<ul class=\"wp-block-list\"><li>Pa\u00eds: Brasil<\/li><li>Institui\u00e7\u00e3o: Universidade Federal de Sergipe \u2013 UFS<\/li><li>Lattes: http:\/\/lattes.cnpq.br\/6344333199209125<\/li><li>Outras informa\u00e7\u00f5es: Atualmente sou professor associado em regime de dedica\u00e7\u00e3o exclusiva pela UFS &#8211; Universidade Federal de Sergipe, no Departamento de Educa\u00e7\u00e3o, no Centro de Educa\u00e7\u00e3o e Ci\u00eancias Humanas \u2013 CECH.Tem experi\u00eancia na \u00e1rea de Educa\u00e7\u00e3o, b\u00e1sica e superior, nas modalidades presencial e a dist\u00e2ncia, com \u00eanfase em rela\u00e7\u00f5es sociais, culturais, filos\u00f3ficas, pol\u00edticas no uso das Tecnologias da Informa\u00e7\u00e3o e da Comunica\u00e7\u00e3o nas sociedades contempor\u00e2neas, Culturas Digitais, no campo do Curr\u00edculo, da Gest\u00e3o Escolar, da forma\u00e7\u00e3o b\u00e1sica e continuada da forma\u00e7\u00e3o de professores.<\/li><li>Participa\u00e7\u00e3o: Coordenador<\/li><li>Confer\u00eancia Nacional: Narrar, resistir e enfrentar: modos outros de dizer sobre a vida-morte. (Forma\u00e7\u00e3o de Professores, Mem\u00f3rias e Hist\u00f3ria da Educa\u00e7\u00e3o. .<\/li><li>Data: 24\/09\/2021<\/li><li>Hor\u00e1rio: 14h00-15h30<\/li><li>Eixo: 4 Forma\u00e7\u00e3o de Professores, Mem\u00f3rias e Hist\u00f3ria da Educa\u00e7\u00e3o<\/li><\/ul>\n","protected":false},"excerpt":{"rendered":"<p>Doutor em Educa\u00e7\u00e3o (2007), na \u00e1rea tem\u00e1tica Educa\u00e7\u00e3o, Conhecimento, linguagem e Arte, pela UNICAMP &#8211; Universidade Estadual de Campinas, Mestre [&hellip;]<\/p>\n","protected":false},"author":2,"featured_media":3140,"comment_status":"open","ping_status":"open","sticky":false,"template":"","format":"standard","meta":{"site-sidebar-layout":"default","site-content-layout":"","ast-site-content-layout":"default","site-content-style":"default","site-sidebar-style":"default","ast-global-header-display":"","ast-banner-title-visibility":"","ast-main-header-display":"","ast-hfb-above-header-display":"","ast-hfb-below-header-display":"","ast-hfb-mobile-header-display":"","site-post-title":"","ast-breadcrumbs-content":"","ast-featured-img":"","footer-sml-layout":"","theme-transparent-header-meta":"","adv-header-id-meta":"","stick-header-meta":"","header-above-stick-meta":"","header-main-stick-meta":"","header-below-stick-meta":"","astra-migrate-meta-layouts":"default","ast-page-background-enabled":"default","ast-page-background-meta":{"desktop":{"background-color":"var(--ast-global-color-5)","background-image":"","background-repeat":"repeat","background-position":"center center","background-size":"auto","background-attachment":"scroll","background-type":"","background-media":"","overlay-type":"","overlay-color":"","overlay-opacity":"","overlay-gradient":""},"tablet":{"background-color":"","background-image":"","background-repeat":"repeat","background-position":"center center","background-size":"auto","background-attachment":"scroll","background-type":"","background-media":"","overlay-type":"","overlay-color":"","overlay-opacity":"","overlay-gradient":""},"mobile":{"background-color":"","background-image":"","background-repeat":"repeat","background-position":"center center","background-size":"auto","background-attachment":"scroll","background-type":"","background-media":"","overlay-type":"","overlay-color":"","overlay-opacity":"","overlay-gradient":""}},"ast-content-background-meta":{"desktop":{"background-color":"var(--ast-global-color-4)","background-image":"","background-repeat":"repeat","background-position":"center center","background-size":"auto","background-attachment":"scroll","background-type":"","background-media":"","overlay-type":"","overlay-color":"","overlay-opacity":"","overlay-gradient":""},"tablet":{"background-color":"var(--ast-global-color-4)","background-image":"","background-repeat":"repeat","background-position":"center center","background-size":"auto","background-attachment":"scroll","background-type":"","background-media":"","overlay-type":"","overlay-color":"","overlay-opacity":"","overlay-gradient":""},"mobile":{"background-color":"var(--ast-global-color-4)","background-image":"","background-repeat":"repeat","background-position":"center center","background-size":"auto","background-attachment":"scroll","background-type":"","background-media":"","overlay-type":"","overlay-color":"","overlay-opacity":"","overlay-gradient":""}},"footnotes":""},"categories":[5],"tags":[41,94,119],"class_list":["post-3139","post","type-post","status-publish","format-standard","has-post-thumbnail","hentry","category-coordenadores-de-mesas","tag-4-formacao-de-professores","tag-coordenadores-mesas-educon2021","tag-educon2021"],"_links":{"self":[{"href":"https:\/\/coloquioeducon.com\/xvii\/wp-json\/wp\/v2\/posts\/3139","targetHints":{"allow":["GET"]}}],"collection":[{"href":"https:\/\/coloquioeducon.com\/xvii\/wp-json\/wp\/v2\/posts"}],"about":[{"href":"https:\/\/coloquioeducon.com\/xvii\/wp-json\/wp\/v2\/types\/post"}],"author":[{"embeddable":true,"href":"https:\/\/coloquioeducon.com\/xvii\/wp-json\/wp\/v2\/users\/2"}],"replies":[{"embeddable":true,"href":"https:\/\/coloquioeducon.com\/xvii\/wp-json\/wp\/v2\/comments?post=3139"}],"version-history":[{"count":0,"href":"https:\/\/coloquioeducon.com\/xvii\/wp-json\/wp\/v2\/posts\/3139\/revisions"}],"wp:featuredmedia":[{"embeddable":true,"href":"https:\/\/coloquioeducon.com\/xvii\/wp-json\/wp\/v2\/media\/3140"}],"wp:attachment":[{"href":"https:\/\/coloquioeducon.com\/xvii\/wp-json\/wp\/v2\/media?parent=3139"}],"wp:term":[{"taxonomy":"category","embeddable":true,"href":"https:\/\/coloquioeducon.com\/xvii\/wp-json\/wp\/v2\/categories?post=3139"},{"taxonomy":"post_tag","embeddable":true,"href":"https:\/\/coloquioeducon.com\/xvii\/wp-json\/wp\/v2\/tags?post=3139"}],"curies":[{"name":"wp","href":"https:\/\/api.w.org\/{rel}","templated":true}]}}