{"id":3135,"date":"2021-09-17T09:28:48","date_gmt":"2021-09-17T12:28:48","guid":{"rendered":"https:\/\/coloquioeducon.com\/xv\/?p=3135"},"modified":"2021-09-17T09:28:48","modified_gmt":"2021-09-17T12:28:48","slug":"elissandra-silva-santos","status":"publish","type":"post","link":"https:\/\/coloquioeducon.com\/xvii\/2021\/09\/17\/elissandra-silva-santos\/","title":{"rendered":"Elissandra Silva Santos"},"content":{"rendered":"\n<figure class=\"wp-block-pullquote\"><blockquote><p><strong>Doutora em Educa\u00e7\u00e3o pela Universidade Federal de Sergipe e Doutorado Sandu\u00edche financiado pela CAPES na Faculdade de Psicologia e Ci\u00eancias da Educa\u00e7\u00e3o da Universidade do Porto (FPCEUP). Dedica-se aos temas: Rela\u00e7\u00e3o com o Saber, Ensino e Aprendizagem na Educa\u00e7\u00e3o a Dist\u00e2ncia (EaD). Membro do Grupo de Pesquisa EDUCON\/UFS\/CNPq e L\u00edder do PAID\u00c9IA Grupo de Estudos e Pesquisas em Educa\u00e7\u00e3o da FANEB-BA.<\/strong><\/p><\/blockquote><\/figure>\n\n\n\n<ul class=\"wp-block-list\"><li>Pa\u00eds: Brasil<\/li><li>Institui\u00e7\u00e3o: Secretaria de Estado da Educa\u00e7\u00e3o, do Esporte e da Cultura de Sergipe; Faculdade do Nordeste da Bahia<\/li><li>Orcid: https:\/\/orcid.org\/0000-0002-9302-1956<\/li><li>Lattes: http:\/\/lattes.cnpq.br\/1942735447546937<\/li><li>Outras informa\u00e7\u00f5es: Professora da Educa\u00e7\u00e3o B\u00e1sica (SEDUC-SE) e do Ensino Superior (FANEB-BA)<\/li><li>Participa\u00e7\u00e3o: Coordenadora<\/li><li>Confer\u00eancia Internacional: \u201cEducation inclusive et discrimination en France : le cas des langues maternelles.\u201d<\/li><li>\u201cEduca\u00e7\u00e3o Inclusiva e Discrimina\u00e7\u00e3o na Fran\u00e7a: o caso das l\u00ednguas maternas\u201d.<\/li><li>Data: 22\/09\/2021<\/li><li>Hor\u00e1rio: 15h30-17h00<\/li><li>Eixo: 2 Educa\u00e7\u00e3o Inclusiva e Educa\u00e7\u00e3o Especial<\/li><\/ul>\n","protected":false},"excerpt":{"rendered":"<p>Doutora em Educa\u00e7\u00e3o pela Universidade Federal de Sergipe e Doutorado Sandu\u00edche financiado pela CAPES na Faculdade de Psicologia e Ci\u00eancias [&hellip;]<\/p>\n","protected":false},"author":2,"featured_media":3136,"comment_status":"open","ping_status":"open","sticky":false,"template":"","format":"standard","meta":{"site-sidebar-layout":"default","site-content-layout":"","ast-site-content-layout":"default","site-content-style":"default","site-sidebar-style":"default","ast-global-header-display":"","ast-banner-title-visibility":"","ast-main-header-display":"","ast-hfb-above-header-display":"","ast-hfb-below-header-display":"","ast-hfb-mobile-header-display":"","site-post-title":"","ast-breadcrumbs-content":"","ast-featured-img":"","footer-sml-layout":"","theme-transparent-header-meta":"","adv-header-id-meta":"","stick-header-meta":"","header-above-stick-meta":"","header-main-stick-meta":"","header-below-stick-meta":"","astra-migrate-meta-layouts":"default","ast-page-background-enabled":"default","ast-page-background-meta":{"desktop":{"background-color":"var(--ast-global-color-5)","background-image":"","background-repeat":"repeat","background-position":"center center","background-size":"auto","background-attachment":"scroll","background-type":"","background-media":"","overlay-type":"","overlay-color":"","overlay-opacity":"","overlay-gradient":""},"tablet":{"background-color":"","background-image":"","background-repeat":"repeat","background-position":"center center","background-size":"auto","background-attachment":"scroll","background-type":"","background-media":"","overlay-type":"","overlay-color":"","overlay-opacity":"","overlay-gradient":""},"mobile":{"background-color":"","background-image":"","background-repeat":"repeat","background-position":"center center","background-size":"auto","background-attachment":"scroll","background-type":"","background-media":"","overlay-type":"","overlay-color":"","overlay-opacity":"","overlay-gradient":""}},"ast-content-background-meta":{"desktop":{"background-color":"var(--ast-global-color-4)","background-image":"","background-repeat":"repeat","background-position":"center center","background-size":"auto","background-attachment":"scroll","background-type":"","background-media":"","overlay-type":"","overlay-color":"","overlay-opacity":"","overlay-gradient":""},"tablet":{"background-color":"var(--ast-global-color-4)","background-image":"","background-repeat":"repeat","background-position":"center center","background-size":"auto","background-attachment":"scroll","background-type":"","background-media":"","overlay-type":"","overlay-color":"","overlay-opacity":"","overlay-gradient":""},"mobile":{"background-color":"var(--ast-global-color-4)","background-image":"","background-repeat":"repeat","background-position":"center center","background-size":"auto","background-attachment":"scroll","background-type":"","background-media":"","overlay-type":"","overlay-color":"","overlay-opacity":"","overlay-gradient":""}},"footnotes":""},"categories":[5],"tags":[94,119],"class_list":["post-3135","post","type-post","status-publish","format-standard","has-post-thumbnail","hentry","category-coordenadores-de-mesas","tag-coordenadores-mesas-educon2021","tag-educon2021"],"_links":{"self":[{"href":"https:\/\/coloquioeducon.com\/xvii\/wp-json\/wp\/v2\/posts\/3135","targetHints":{"allow":["GET"]}}],"collection":[{"href":"https:\/\/coloquioeducon.com\/xvii\/wp-json\/wp\/v2\/posts"}],"about":[{"href":"https:\/\/coloquioeducon.com\/xvii\/wp-json\/wp\/v2\/types\/post"}],"author":[{"embeddable":true,"href":"https:\/\/coloquioeducon.com\/xvii\/wp-json\/wp\/v2\/users\/2"}],"replies":[{"embeddable":true,"href":"https:\/\/coloquioeducon.com\/xvii\/wp-json\/wp\/v2\/comments?post=3135"}],"version-history":[{"count":0,"href":"https:\/\/coloquioeducon.com\/xvii\/wp-json\/wp\/v2\/posts\/3135\/revisions"}],"wp:featuredmedia":[{"embeddable":true,"href":"https:\/\/coloquioeducon.com\/xvii\/wp-json\/wp\/v2\/media\/3136"}],"wp:attachment":[{"href":"https:\/\/coloquioeducon.com\/xvii\/wp-json\/wp\/v2\/media?parent=3135"}],"wp:term":[{"taxonomy":"category","embeddable":true,"href":"https:\/\/coloquioeducon.com\/xvii\/wp-json\/wp\/v2\/categories?post=3135"},{"taxonomy":"post_tag","embeddable":true,"href":"https:\/\/coloquioeducon.com\/xvii\/wp-json\/wp\/v2\/tags?post=3135"}],"curies":[{"name":"wp","href":"https:\/\/api.w.org\/{rel}","templated":true}]}}