{"id":3133,"date":"2021-09-17T09:23:45","date_gmt":"2021-09-17T12:23:45","guid":{"rendered":"https:\/\/coloquioeducon.com\/xv\/?p=3133"},"modified":"2021-09-17T09:23:45","modified_gmt":"2021-09-17T12:23:45","slug":"carlos-alberto-vasconcelos","status":"publish","type":"post","link":"https:\/\/coloquioeducon.com\/xvii\/2021\/09\/17\/carlos-alberto-vasconcelos\/","title":{"rendered":"Carlos Alberto Vasconcelos"},"content":{"rendered":"\n<figure class=\"wp-block-pullquote\"><blockquote><p><strong>Trabalho na Universidade Federal de Sergipe, sendo lotado no Departamento de Educa\u00e7\u00e3o, ministrando aulas para diversos cursos, principalmente para as licenciaturas, tamb\u00e9m ministro aulas no Programa de P\u00f3s Gradua\u00e7\u00e3o em Educa\u00e7\u00e3o e no Programa de P\u00f3s Gradua\u00e7\u00e3o em Ensino de Ci\u00eancias e Matem\u00e1tica. Tenho gradua\u00e7\u00e3o em licenciatura Geografia, Pedagogia e Letras. Especializa\u00e7\u00e3o em Geografia do Brasil (FUNESO), Capacita\u00e7\u00e3o Pedag\u00f3gica para Professores e Instrutores de Treinamento (UFRPE), Educa\u00e7\u00e3o Ambiental (UFPE) e Desenvolvimento Sustent\u00e1vel para o Semi\u00e1rido Nordestino (UFCG); Mestrado (2000) e Doutorado (2009) em Geografia pela Universidade Federal de Sergipe e Est\u00e1gio P\u00f3s Doutoral em Educa\u00e7\u00e3o Contempor\u00e2nea (2015-UFPE). Atuo nas \u00e1reas de Forma\u00e7\u00e3o de Professores, Avalia\u00e7\u00e3o da Aprendizagem, Educa\u00e7\u00e3o Ambiental, Trabalho Infantil, Ensino e Metodologia da Geografia e das Ci\u00eancias Naturais,Tecnologias da Informa\u00e7\u00e3o e Comunica\u00e7\u00e3o e Educa\u00e7\u00e3o a Dist\u00e2ncia. Integro o Grupo de Pesquisa Educa\u00e7\u00e3o e Contemporaneidade (EDUCON) CNPQ\/UFS, e sou L\u00edder do Grupo de Estudos e Pesquisa em Forma\u00e7\u00e3o de Professores e Tecnologias da Informa\u00e7\u00e3o e Comunica\u00e7\u00e3o &#8211; FOPTIC\/CNPq\/UFS.<\/strong><\/p><\/blockquote><\/figure>\n\n\n\n<ul class=\"wp-block-list\"><li>Pa\u00eds: Brasil<\/li><li>Institui\u00e7\u00e3o: Universidade Federal de Sergipe<\/li><li>Orcid: https:\/\/orcid.org\/0000-0001-9049-5294<\/li><li>Lattes: http:\/\/lattes.cnpq.br\/3035538916868812<\/li><li>Participa\u00e7\u00e3o: Coordenador<\/li><li>Mesa Redonda Nacional: A Forma\u00e7\u00e3o Docente em Debate: an\u00e1lise da legisla\u00e7\u00e3o atual.<\/li><li>Data: 22\/09\/2021<\/li><li>Hor\u00e1rio: 20h30-22h00<\/li><li>Eixo: 4 Forma\u00e7\u00e3o de Professores, Mem\u00f3rias e Hist\u00f3ria da Educa\u00e7\u00e3o.<\/li><\/ul>\n","protected":false},"excerpt":{"rendered":"<p>Trabalho na Universidade Federal de Sergipe, sendo lotado no Departamento de Educa\u00e7\u00e3o, ministrando aulas para diversos cursos, principalmente para as [&hellip;]<\/p>\n","protected":false},"author":2,"featured_media":3138,"comment_status":"open","ping_status":"open","sticky":false,"template":"","format":"standard","meta":{"site-sidebar-layout":"default","site-content-layout":"","ast-site-content-layout":"default","site-content-style":"default","site-sidebar-style":"default","ast-global-header-display":"","ast-banner-title-visibility":"","ast-main-header-display":"","ast-hfb-above-header-display":"","ast-hfb-below-header-display":"","ast-hfb-mobile-header-display":"","site-post-title":"","ast-breadcrumbs-content":"","ast-featured-img":"","footer-sml-layout":"","theme-transparent-header-meta":"","adv-header-id-meta":"","stick-header-meta":"","header-above-stick-meta":"","header-main-stick-meta":"","header-below-stick-meta":"","astra-migrate-meta-layouts":"default","ast-page-background-enabled":"default","ast-page-background-meta":{"desktop":{"background-color":"var(--ast-global-color-5)","background-image":"","background-repeat":"repeat","background-position":"center center","background-size":"auto","background-attachment":"scroll","background-type":"","background-media":"","overlay-type":"","overlay-color":"","overlay-opacity":"","overlay-gradient":""},"tablet":{"background-color":"","background-image":"","background-repeat":"repeat","background-position":"center center","background-size":"auto","background-attachment":"scroll","background-type":"","background-media":"","overlay-type":"","overlay-color":"","overlay-opacity":"","overlay-gradient":""},"mobile":{"background-color":"","background-image":"","background-repeat":"repeat","background-position":"center center","background-size":"auto","background-attachment":"scroll","background-type":"","background-media":"","overlay-type":"","overlay-color":"","overlay-opacity":"","overlay-gradient":""}},"ast-content-background-meta":{"desktop":{"background-color":"var(--ast-global-color-4)","background-image":"","background-repeat":"repeat","background-position":"center center","background-size":"auto","background-attachment":"scroll","background-type":"","background-media":"","overlay-type":"","overlay-color":"","overlay-opacity":"","overlay-gradient":""},"tablet":{"background-color":"var(--ast-global-color-4)","background-image":"","background-repeat":"repeat","background-position":"center center","background-size":"auto","background-attachment":"scroll","background-type":"","background-media":"","overlay-type":"","overlay-color":"","overlay-opacity":"","overlay-gradient":""},"mobile":{"background-color":"var(--ast-global-color-4)","background-image":"","background-repeat":"repeat","background-position":"center center","background-size":"auto","background-attachment":"scroll","background-type":"","background-media":"","overlay-type":"","overlay-color":"","overlay-opacity":"","overlay-gradient":""}},"footnotes":""},"categories":[5],"tags":[41,94,119],"class_list":["post-3133","post","type-post","status-publish","format-standard","has-post-thumbnail","hentry","category-coordenadores-de-mesas","tag-4-formacao-de-professores","tag-coordenadores-mesas-educon2021","tag-educon2021"],"_links":{"self":[{"href":"https:\/\/coloquioeducon.com\/xvii\/wp-json\/wp\/v2\/posts\/3133","targetHints":{"allow":["GET"]}}],"collection":[{"href":"https:\/\/coloquioeducon.com\/xvii\/wp-json\/wp\/v2\/posts"}],"about":[{"href":"https:\/\/coloquioeducon.com\/xvii\/wp-json\/wp\/v2\/types\/post"}],"author":[{"embeddable":true,"href":"https:\/\/coloquioeducon.com\/xvii\/wp-json\/wp\/v2\/users\/2"}],"replies":[{"embeddable":true,"href":"https:\/\/coloquioeducon.com\/xvii\/wp-json\/wp\/v2\/comments?post=3133"}],"version-history":[{"count":0,"href":"https:\/\/coloquioeducon.com\/xvii\/wp-json\/wp\/v2\/posts\/3133\/revisions"}],"wp:featuredmedia":[{"embeddable":true,"href":"https:\/\/coloquioeducon.com\/xvii\/wp-json\/wp\/v2\/media\/3138"}],"wp:attachment":[{"href":"https:\/\/coloquioeducon.com\/xvii\/wp-json\/wp\/v2\/media?parent=3133"}],"wp:term":[{"taxonomy":"category","embeddable":true,"href":"https:\/\/coloquioeducon.com\/xvii\/wp-json\/wp\/v2\/categories?post=3133"},{"taxonomy":"post_tag","embeddable":true,"href":"https:\/\/coloquioeducon.com\/xvii\/wp-json\/wp\/v2\/tags?post=3133"}],"curies":[{"name":"wp","href":"https:\/\/api.w.org\/{rel}","templated":true}]}}