{"id":3118,"date":"2021-09-17T09:05:38","date_gmt":"2021-09-17T12:05:38","guid":{"rendered":"https:\/\/coloquioeducon.com\/xv\/?p=3118"},"modified":"2021-09-17T09:05:38","modified_gmt":"2021-09-17T12:05:38","slug":"carloney-alves-de-oliveira","status":"publish","type":"post","link":"https:\/\/coloquioeducon.com\/xvii\/2021\/09\/17\/carloney-alves-de-oliveira\/","title":{"rendered":"Carloney Alves de Oliveira"},"content":{"rendered":"\n<figure class=\"wp-block-pullquote\"><blockquote><p><strong>P\u00f3s-Doutor em Educa\u00e7\u00e3o (UFS), Doutor e Mestre em Educa\u00e7\u00e3o Brasileira (UFAL) na linha de pesquisa Tecnologia da Informa\u00e7\u00e3o e Comunica\u00e7\u00e3o na Forma\u00e7\u00e3o do Professor, Especializa\u00e7\u00e3o em Metodologia do Ensino da Matem\u00e1tica pela Faculdade Internacional de Curitiba e Gradua\u00e7\u00e3o em Licenciatura Plena em Matem\u00e1tica pela Universidade Estadual de Feira de Santana (UEFS). Atualmente \u00e9 professor Adjunto na Universidade Federal de Alagoas, do Centro de Educa\u00e7\u00e3o (CEDU), na \u00e1rea de Saberes e Metodologias do Ensino da Matem\u00e1tica e professor vinculado aos Programas de P\u00f3s-Gradua\u00e7\u00e3o em Ensino de Ci\u00eancias e Matem\u00e1tica (PPGECIM), em Educa\u00e7\u00e3o (PPGE) da Universidade Federal de Alagoas e do Doutorado em Ensino em Rede (RENOEN). Coordenador do Programa de P\u00f3s-Gradua\u00e7\u00e3o em Ensino de Ci\u00eancias e Matem\u00e1tica (PPGECIM). L\u00edder do Grupo de Estudos e Pesquisas em Tecnologias Educativas e Pr\u00e1ticas Pedag\u00f3gicas em Educa\u00e7\u00e3o Matem\u00e1tica (GPTPEM). Avaliador do INEP do Sistema Nacional de Avalia\u00e7\u00e3o do Ensino Superior. Experi\u00eancia na \u00e1rea de Matem\u00e1tica, Metodologia e Pr\u00e1tica de Ensino da Matem\u00e1tica, Educa\u00e7\u00e3o Matem\u00e1tica, Forma\u00e7\u00e3o de Professor, Tecnologias Digitais da Informa\u00e7\u00e3o e Comunica\u00e7\u00e3o, Educa\u00e7\u00e3o a dist\u00e2ncia, Ambientes Virtuais de Aprendizagem, Jogos Digitais, Gamifica\u00e7\u00e3o e Dispositivos M\u00f3veis.<\/strong><\/p><\/blockquote><\/figure>\n\n\n\n<ul class=\"wp-block-list\"><li>Pa\u00eds: Brasil<\/li><li>Institui\u00e7\u00e3o: Universidade Federal de Alagoas<\/li><li>Orcid: https:\/\/orcid.org\/0000-0002-2134-0587<\/li><li>Lattes: http:\/\/lattes.cnpq.br\/9900433024242592<\/li><li>Participa\u00e7\u00e3o: Coordenador<\/li><li>Mesa Redonda Nacional: A definir.<\/li><li>Data: 22\/09\/2021<\/li><li>Hor\u00e1rio: 20h30-22h00<\/li><li>Eixo:<\/li><\/ul>\n","protected":false},"excerpt":{"rendered":"<p>P\u00f3s-Doutor em Educa\u00e7\u00e3o (UFS), Doutor e Mestre em Educa\u00e7\u00e3o Brasileira (UFAL) na linha de pesquisa Tecnologia da Informa\u00e7\u00e3o e Comunica\u00e7\u00e3o [&hellip;]<\/p>\n","protected":false},"author":2,"featured_media":3122,"comment_status":"open","ping_status":"open","sticky":false,"template":"","format":"standard","meta":{"site-sidebar-layout":"default","site-content-layout":"","ast-site-content-layout":"default","site-content-style":"default","site-sidebar-style":"default","ast-global-header-display":"","ast-banner-title-visibility":"","ast-main-header-display":"","ast-hfb-above-header-display":"","ast-hfb-below-header-display":"","ast-hfb-mobile-header-display":"","site-post-title":"","ast-breadcrumbs-content":"","ast-featured-img":"","footer-sml-layout":"","theme-transparent-header-meta":"","adv-header-id-meta":"","stick-header-meta":"","header-above-stick-meta":"","header-main-stick-meta":"","header-below-stick-meta":"","astra-migrate-meta-layouts":"default","ast-page-background-enabled":"default","ast-page-background-meta":{"desktop":{"background-color":"var(--ast-global-color-5)","background-image":"","background-repeat":"repeat","background-position":"center center","background-size":"auto","background-attachment":"scroll","background-type":"","background-media":"","overlay-type":"","overlay-color":"","overlay-opacity":"","overlay-gradient":""},"tablet":{"background-color":"","background-image":"","background-repeat":"repeat","background-position":"center center","background-size":"auto","background-attachment":"scroll","background-type":"","background-media":"","overlay-type":"","overlay-color":"","overlay-opacity":"","overlay-gradient":""},"mobile":{"background-color":"","background-image":"","background-repeat":"repeat","background-position":"center center","background-size":"auto","background-attachment":"scroll","background-type":"","background-media":"","overlay-type":"","overlay-color":"","overlay-opacity":"","overlay-gradient":""}},"ast-content-background-meta":{"desktop":{"background-color":"var(--ast-global-color-4)","background-image":"","background-repeat":"repeat","background-position":"center center","background-size":"auto","background-attachment":"scroll","background-type":"","background-media":"","overlay-type":"","overlay-color":"","overlay-opacity":"","overlay-gradient":""},"tablet":{"background-color":"var(--ast-global-color-4)","background-image":"","background-repeat":"repeat","background-position":"center center","background-size":"auto","background-attachment":"scroll","background-type":"","background-media":"","overlay-type":"","overlay-color":"","overlay-opacity":"","overlay-gradient":""},"mobile":{"background-color":"var(--ast-global-color-4)","background-image":"","background-repeat":"repeat","background-position":"center center","background-size":"auto","background-attachment":"scroll","background-type":"","background-media":"","overlay-type":"","overlay-color":"","overlay-opacity":"","overlay-gradient":""}},"footnotes":""},"categories":[5],"tags":[94,119],"class_list":["post-3118","post","type-post","status-publish","format-standard","has-post-thumbnail","hentry","category-coordenadores-de-mesas","tag-coordenadores-mesas-educon2021","tag-educon2021"],"_links":{"self":[{"href":"https:\/\/coloquioeducon.com\/xvii\/wp-json\/wp\/v2\/posts\/3118","targetHints":{"allow":["GET"]}}],"collection":[{"href":"https:\/\/coloquioeducon.com\/xvii\/wp-json\/wp\/v2\/posts"}],"about":[{"href":"https:\/\/coloquioeducon.com\/xvii\/wp-json\/wp\/v2\/types\/post"}],"author":[{"embeddable":true,"href":"https:\/\/coloquioeducon.com\/xvii\/wp-json\/wp\/v2\/users\/2"}],"replies":[{"embeddable":true,"href":"https:\/\/coloquioeducon.com\/xvii\/wp-json\/wp\/v2\/comments?post=3118"}],"version-history":[{"count":0,"href":"https:\/\/coloquioeducon.com\/xvii\/wp-json\/wp\/v2\/posts\/3118\/revisions"}],"wp:featuredmedia":[{"embeddable":true,"href":"https:\/\/coloquioeducon.com\/xvii\/wp-json\/wp\/v2\/media\/3122"}],"wp:attachment":[{"href":"https:\/\/coloquioeducon.com\/xvii\/wp-json\/wp\/v2\/media?parent=3118"}],"wp:term":[{"taxonomy":"category","embeddable":true,"href":"https:\/\/coloquioeducon.com\/xvii\/wp-json\/wp\/v2\/categories?post=3118"},{"taxonomy":"post_tag","embeddable":true,"href":"https:\/\/coloquioeducon.com\/xvii\/wp-json\/wp\/v2\/tags?post=3118"}],"curies":[{"name":"wp","href":"https:\/\/api.w.org\/{rel}","templated":true}]}}