{"id":3098,"date":"2021-09-17T08:42:04","date_gmt":"2021-09-17T11:42:04","guid":{"rendered":"https:\/\/coloquioeducon.com\/xv\/?p=3098"},"modified":"2021-09-17T08:42:04","modified_gmt":"2021-09-17T11:42:04","slug":"pericles-andrade-2","status":"publish","type":"post","link":"https:\/\/coloquioeducon.com\/xvii\/2021\/09\/17\/pericles-andrade-2\/","title":{"rendered":"PERICLES ANDRADE"},"content":{"rendered":"\n<figure class=\"wp-block-pullquote\"><blockquote><p><strong>\u00c9 licenciado em Hist\u00f3ria pela Universidade Federal de Sergipe (1998), Mestre em Sociologia pela Universidade Federal de Sergipe (2000) e Doutor em Sociologia pela Universidade Federal de Pernambuco (2006). Atualmente \u00e9 professor Associado 3 na Universidade Federal de Sergipe, lotado no Departamento de Ci\u00eancias Sociais e no N\u00facleo de Gradua\u00e7\u00e3o em Ci\u00eancias da Religi\u00e3o. Docente permanente dos Programas de P\u00f3s-Gradua\u00e7\u00e3o em Ci\u00eancias da Religi\u00e3o e Hist\u00f3ria.<\/strong><\/p><\/blockquote><\/figure>\n\n\n\n<ul class=\"wp-block-list\"><li>Pa\u00eds: Brasil<\/li><li>Institui\u00e7\u00e3o: UFS<\/li><li>Orcid: https:\/\/orcid.org\/0000-0003-2505-1042<\/li><li>Lattes: http:\/\/buscatextual.cnpq.br\/buscatextual\/visualizacv.do?id=K4761362D7&amp;tokenCaptchar=03AGdBq25vRjsJXwz6Cbm7uo46MOW1VxfUUGjX_tUwCBbIHbo00pQ0ki1Br0I2mSll3O9VmL2djGUJT9xZGyF5c654fJaB97wLT87ruxm9f_gwGtPPiJuIAXt_LuuMXy-DMzOzevMUAyfmNC_UFf2iTH02lg7BFeKb5P7M-RqubW4oZKK8IMCxvND3kg1V9zBH5NT1Be-5n433aVJGbW4V-6Pc_A8WtGuiPLCEEC7RFWB0Jw5kfATbPa6fytz0hzQauVUSFKZ4zmfpvhOEw1H-agpqjS8tTTbWdDn8SFyY9DxYWPr13715xYE6htQhmHJ0nBl8XdNbLZ-q-CnP_G1XDgksEc-7HiS8Co9fkteJfO170ITuIRFOVJlIAf9oBEO_iEkjuBk3-VhyYMdPc4Sax4MDXm7BNuOY9Qmf2xWftqUxLviJQ5m6pMEHxn2AyFXQofOJpSBT-YxahiXOFzjH94ltiTv3jgj-5w<\/li><li>Participa\u00e7\u00e3o: Conferencista<\/li><li>Mesa Redonda Nacional: MESA-REDONDA NACIONAL: \u201cBNCC e Ensino Religioso.\u201d.<\/li><li>Data: 23\/09\/2021<\/li><li>Hor\u00e1rio: 17h00-18h30<\/li><li>Eixo: 12 Educa\u00e7\u00e3o, Cultura e Arte<\/li><\/ul>\n","protected":false},"excerpt":{"rendered":"<p>\u00c9 licenciado em Hist\u00f3ria pela Universidade Federal de Sergipe (1998), Mestre em Sociologia pela Universidade Federal de Sergipe (2000) e [&hellip;]<\/p>\n","protected":false},"author":2,"featured_media":3099,"comment_status":"open","ping_status":"open","sticky":false,"template":"","format":"standard","meta":{"site-sidebar-layout":"default","site-content-layout":"","ast-site-content-layout":"default","site-content-style":"default","site-sidebar-style":"default","ast-global-header-display":"","ast-banner-title-visibility":"","ast-main-header-display":"","ast-hfb-above-header-display":"","ast-hfb-below-header-display":"","ast-hfb-mobile-header-display":"","site-post-title":"","ast-breadcrumbs-content":"","ast-featured-img":"","footer-sml-layout":"","theme-transparent-header-meta":"","adv-header-id-meta":"","stick-header-meta":"","header-above-stick-meta":"","header-main-stick-meta":"","header-below-stick-meta":"","astra-migrate-meta-layouts":"default","ast-page-background-enabled":"default","ast-page-background-meta":{"desktop":{"background-color":"var(--ast-global-color-5)","background-image":"","background-repeat":"repeat","background-position":"center center","background-size":"auto","background-attachment":"scroll","background-type":"","background-media":"","overlay-type":"","overlay-color":"","overlay-opacity":"","overlay-gradient":""},"tablet":{"background-color":"","background-image":"","background-repeat":"repeat","background-position":"center center","background-size":"auto","background-attachment":"scroll","background-type":"","background-media":"","overlay-type":"","overlay-color":"","overlay-opacity":"","overlay-gradient":""},"mobile":{"background-color":"","background-image":"","background-repeat":"repeat","background-position":"center center","background-size":"auto","background-attachment":"scroll","background-type":"","background-media":"","overlay-type":"","overlay-color":"","overlay-opacity":"","overlay-gradient":""}},"ast-content-background-meta":{"desktop":{"background-color":"var(--ast-global-color-4)","background-image":"","background-repeat":"repeat","background-position":"center center","background-size":"auto","background-attachment":"scroll","background-type":"","background-media":"","overlay-type":"","overlay-color":"","overlay-opacity":"","overlay-gradient":""},"tablet":{"background-color":"var(--ast-global-color-4)","background-image":"","background-repeat":"repeat","background-position":"center center","background-size":"auto","background-attachment":"scroll","background-type":"","background-media":"","overlay-type":"","overlay-color":"","overlay-opacity":"","overlay-gradient":""},"mobile":{"background-color":"var(--ast-global-color-4)","background-image":"","background-repeat":"repeat","background-position":"center center","background-size":"auto","background-attachment":"scroll","background-type":"","background-media":"","overlay-type":"","overlay-color":"","overlay-opacity":"","overlay-gradient":""}},"footnotes":""},"categories":[4],"tags":[17,90,119],"class_list":["post-3098","post","type-post","status-publish","format-standard","has-post-thumbnail","hentry","category-conferencista","tag-12-educacao-cultura-e-arte","tag-conferencista-educon2021","tag-educon2021"],"_links":{"self":[{"href":"https:\/\/coloquioeducon.com\/xvii\/wp-json\/wp\/v2\/posts\/3098","targetHints":{"allow":["GET"]}}],"collection":[{"href":"https:\/\/coloquioeducon.com\/xvii\/wp-json\/wp\/v2\/posts"}],"about":[{"href":"https:\/\/coloquioeducon.com\/xvii\/wp-json\/wp\/v2\/types\/post"}],"author":[{"embeddable":true,"href":"https:\/\/coloquioeducon.com\/xvii\/wp-json\/wp\/v2\/users\/2"}],"replies":[{"embeddable":true,"href":"https:\/\/coloquioeducon.com\/xvii\/wp-json\/wp\/v2\/comments?post=3098"}],"version-history":[{"count":0,"href":"https:\/\/coloquioeducon.com\/xvii\/wp-json\/wp\/v2\/posts\/3098\/revisions"}],"wp:featuredmedia":[{"embeddable":true,"href":"https:\/\/coloquioeducon.com\/xvii\/wp-json\/wp\/v2\/media\/3099"}],"wp:attachment":[{"href":"https:\/\/coloquioeducon.com\/xvii\/wp-json\/wp\/v2\/media?parent=3098"}],"wp:term":[{"taxonomy":"category","embeddable":true,"href":"https:\/\/coloquioeducon.com\/xvii\/wp-json\/wp\/v2\/categories?post=3098"},{"taxonomy":"post_tag","embeddable":true,"href":"https:\/\/coloquioeducon.com\/xvii\/wp-json\/wp\/v2\/tags?post=3098"}],"curies":[{"name":"wp","href":"https:\/\/api.w.org\/{rel}","templated":true}]}}