{"id":3092,"date":"2021-09-17T08:27:38","date_gmt":"2021-09-17T11:27:38","guid":{"rendered":"https:\/\/coloquioeducon.com\/xv\/?p=3092"},"modified":"2021-09-17T08:27:38","modified_gmt":"2021-09-17T11:27:38","slug":"aline-lima-de-oliveira-nepomuceno","status":"publish","type":"post","link":"https:\/\/coloquioeducon.com\/xvii\/2021\/09\/17\/aline-lima-de-oliveira-nepomuceno\/","title":{"rendered":"Aline Lima de Oliveira Nepomuceno"},"content":{"rendered":"\n<figure class=\"wp-block-pullquote\"><blockquote><p><strong>Doutora em Educa\u00e7\u00e3o (PPGED-UFS-2017), mestre em Educa\u00e7\u00e3o (PPGEduc-UFRRJ-2012), gradua\u00e7\u00e3o em Ci\u00eancias Biol\u00f3gicas (Licenciatura Plena) (UFS- 2009). Desempenha pesquisas junto ao Grupo de Estudos e Pesquisa em Educa\u00e7\u00e3o Ambiental de Sergipe (GEPEASE-UFS), ao Projeto Sala Verde na UFS, ao Grupo de Estudos e Pesquisa em Educa\u00e7\u00e3o Ambiental, Diversidade e Sustentabilidade (GEPEADS-UFRRJ) e ao Grupo de Estudos em Educa\u00e7\u00e3o Cient\u00edfica (GEPEC-UFS), atuando nas \u00e1reas de Educa\u00e7\u00e3o Ambiental, Forma\u00e7\u00e3o de Professores, Metodologias Participativas, Metodologias para o Ensino de Ci\u00eancias e Biologia. \u00c9 professora do ensino superior efetiva do Departamento de Biologia da UFS e membro permanente do Programa de P\u00f3s-gradua\u00e7\u00e3o em Educa\u00e7\u00e3o (PPGED) &#8211; UFS.<\/strong><\/p><\/blockquote><\/figure>\n\n\n\n<ul class=\"wp-block-list\"><li>Pa\u00eds: Brasil<\/li><li>Institui\u00e7\u00e3o: UFS<\/li><li>Orcid: https:\/\/orcid.org\/0000-0001-7936-2167<\/li><li>Lattes: http:\/\/lattes.cnpq.br\/9422374897486805<\/li><li>Redes sociais: Profa. Dra Aline Lima de Oliveira Nepomuceno; Aline Oliveira; @aline ambiental<\/li><li>Participa\u00e7\u00e3o: Coordenadora<\/li><li>Confer\u00eancia Internacional: Os desafios da Educa\u00e7\u00e3o Ambiental na forma\u00e7\u00e3o rural na Colombia: tens\u00f5es e perspectivas.<\/li><li>Data: 23\/09\/2021<\/li><li>Hor\u00e1rio: 20h30-22h00<\/li><\/ul>\n","protected":false},"excerpt":{"rendered":"<p>Doutora em Educa\u00e7\u00e3o (PPGED-UFS-2017), mestre em Educa\u00e7\u00e3o (PPGEduc-UFRRJ-2012), gradua\u00e7\u00e3o em Ci\u00eancias Biol\u00f3gicas (Licenciatura Plena) (UFS- 2009). Desempenha pesquisas junto ao [&hellip;]<\/p>\n","protected":false},"author":2,"featured_media":3093,"comment_status":"open","ping_status":"open","sticky":false,"template":"","format":"standard","meta":{"site-sidebar-layout":"default","site-content-layout":"","ast-site-content-layout":"default","site-content-style":"default","site-sidebar-style":"default","ast-global-header-display":"","ast-banner-title-visibility":"","ast-main-header-display":"","ast-hfb-above-header-display":"","ast-hfb-below-header-display":"","ast-hfb-mobile-header-display":"","site-post-title":"","ast-breadcrumbs-content":"","ast-featured-img":"","footer-sml-layout":"","theme-transparent-header-meta":"","adv-header-id-meta":"","stick-header-meta":"","header-above-stick-meta":"","header-main-stick-meta":"","header-below-stick-meta":"","astra-migrate-meta-layouts":"default","ast-page-background-enabled":"default","ast-page-background-meta":{"desktop":{"background-color":"var(--ast-global-color-5)","background-image":"","background-repeat":"repeat","background-position":"center center","background-size":"auto","background-attachment":"scroll","background-type":"","background-media":"","overlay-type":"","overlay-color":"","overlay-opacity":"","overlay-gradient":""},"tablet":{"background-color":"","background-image":"","background-repeat":"repeat","background-position":"center center","background-size":"auto","background-attachment":"scroll","background-type":"","background-media":"","overlay-type":"","overlay-color":"","overlay-opacity":"","overlay-gradient":""},"mobile":{"background-color":"","background-image":"","background-repeat":"repeat","background-position":"center center","background-size":"auto","background-attachment":"scroll","background-type":"","background-media":"","overlay-type":"","overlay-color":"","overlay-opacity":"","overlay-gradient":""}},"ast-content-background-meta":{"desktop":{"background-color":"var(--ast-global-color-4)","background-image":"","background-repeat":"repeat","background-position":"center center","background-size":"auto","background-attachment":"scroll","background-type":"","background-media":"","overlay-type":"","overlay-color":"","overlay-opacity":"","overlay-gradient":""},"tablet":{"background-color":"var(--ast-global-color-4)","background-image":"","background-repeat":"repeat","background-position":"center center","background-size":"auto","background-attachment":"scroll","background-type":"","background-media":"","overlay-type":"","overlay-color":"","overlay-opacity":"","overlay-gradient":""},"mobile":{"background-color":"var(--ast-global-color-4)","background-image":"","background-repeat":"repeat","background-position":"center center","background-size":"auto","background-attachment":"scroll","background-type":"","background-media":"","overlay-type":"","overlay-color":"","overlay-opacity":"","overlay-gradient":""}},"footnotes":""},"categories":[5],"tags":[94,119],"class_list":["post-3092","post","type-post","status-publish","format-standard","has-post-thumbnail","hentry","category-coordenadores-de-mesas","tag-coordenadores-mesas-educon2021","tag-educon2021"],"_links":{"self":[{"href":"https:\/\/coloquioeducon.com\/xvii\/wp-json\/wp\/v2\/posts\/3092","targetHints":{"allow":["GET"]}}],"collection":[{"href":"https:\/\/coloquioeducon.com\/xvii\/wp-json\/wp\/v2\/posts"}],"about":[{"href":"https:\/\/coloquioeducon.com\/xvii\/wp-json\/wp\/v2\/types\/post"}],"author":[{"embeddable":true,"href":"https:\/\/coloquioeducon.com\/xvii\/wp-json\/wp\/v2\/users\/2"}],"replies":[{"embeddable":true,"href":"https:\/\/coloquioeducon.com\/xvii\/wp-json\/wp\/v2\/comments?post=3092"}],"version-history":[{"count":0,"href":"https:\/\/coloquioeducon.com\/xvii\/wp-json\/wp\/v2\/posts\/3092\/revisions"}],"wp:featuredmedia":[{"embeddable":true,"href":"https:\/\/coloquioeducon.com\/xvii\/wp-json\/wp\/v2\/media\/3093"}],"wp:attachment":[{"href":"https:\/\/coloquioeducon.com\/xvii\/wp-json\/wp\/v2\/media?parent=3092"}],"wp:term":[{"taxonomy":"category","embeddable":true,"href":"https:\/\/coloquioeducon.com\/xvii\/wp-json\/wp\/v2\/categories?post=3092"},{"taxonomy":"post_tag","embeddable":true,"href":"https:\/\/coloquioeducon.com\/xvii\/wp-json\/wp\/v2\/tags?post=3092"}],"curies":[{"name":"wp","href":"https:\/\/api.w.org\/{rel}","templated":true}]}}