{"id":2819,"date":"2021-09-12T16:39:15","date_gmt":"2021-09-12T19:39:15","guid":{"rendered":"https:\/\/coloquioeducon.com\/xv\/?p=2819"},"modified":"2021-09-12T16:39:15","modified_gmt":"2021-09-12T19:39:15","slug":"jose-carlos-da-silva","status":"publish","type":"post","link":"https:\/\/coloquioeducon.com\/xvii\/2021\/09\/12\/jose-carlos-da-silva\/","title":{"rendered":"Jos\u00e9 Carlos Da Silva"},"content":{"rendered":"\n<figure class=\"wp-block-pullquote\"><blockquote><p><strong>Professor, Pesquisador e Terapeuta. Membro do Laberer e do<br>Labgesp (UFPE). Membro do GT de EPS da ABRASCO. Membro da ABPN;<br>Membro da ANPED.<\/strong><\/p><\/blockquote><\/figure>\n\n\n\n<ul class=\"wp-block-list\"><li> Pa\u00eds: Brasil  <\/li><\/ul>\n\n\n\n<ul class=\"wp-block-list\"><li>Institui\u00e7\u00e3o: Universidade Federal de Pernambuco &#8211; UFPE<\/li><\/ul>\n\n\n\n<ul class=\"wp-block-list\"><li>Orcid: http:\/\/orcid.org\/0000-0002-4400-8608<\/li><\/ul>\n\n\n\n<ul class=\"wp-block-list\"><li>Lattes: http:\/\/lattes.cnpq.br\/8285723635212932<\/li><\/ul>\n\n\n\n<ul class=\"wp-block-list\"><li>Participa\u00e7\u00e3o: Conferencista<\/li><\/ul>\n\n\n\n<ul class=\"wp-block-list\"><li>Mesa Redonda Nacional : Educa\u00e7\u00e3o em Sa\u00fade da Popula\u00e7\u00e3o Negra: Perspectiva de Promo\u00e7\u00e3o<\/li><li>em Sa\u00fade e Combate ao Racismo<\/li><\/ul>\n\n\n\n<ul class=\"wp-block-list\"><li>Data: 24\/9\/2021<\/li><\/ul>\n\n\n\n<ul class=\"wp-block-list\"><li>Hor\u00e1rio: 14h00 &#8211; 15h30<\/li><\/ul>\n\n\n\n<ul class=\"wp-block-list\"><li>Eixo: 13 Educa\u00e7\u00e3o e Sa\u00fade<\/li><\/ul>\n\n\n\n<p><\/p>\n","protected":false},"excerpt":{"rendered":"<p>Professor, Pesquisador e Terapeuta. Membro do Laberer e doLabgesp (UFPE). Membro do GT de EPS da ABRASCO. Membro da ABPN;Membro [&hellip;]<\/p>\n","protected":false},"author":2,"featured_media":3222,"comment_status":"open","ping_status":"open","sticky":false,"template":"","format":"standard","meta":{"site-sidebar-layout":"default","site-content-layout":"","ast-site-content-layout":"default","site-content-style":"default","site-sidebar-style":"default","ast-global-header-display":"","ast-banner-title-visibility":"","ast-main-header-display":"","ast-hfb-above-header-display":"","ast-hfb-below-header-display":"","ast-hfb-mobile-header-display":"","site-post-title":"","ast-breadcrumbs-content":"","ast-featured-img":"","footer-sml-layout":"","theme-transparent-header-meta":"","adv-header-id-meta":"","stick-header-meta":"","header-above-stick-meta":"","header-main-stick-meta":"","header-below-stick-meta":"","astra-migrate-meta-layouts":"default","ast-page-background-enabled":"default","ast-page-background-meta":{"desktop":{"background-color":"var(--ast-global-color-5)","background-image":"","background-repeat":"repeat","background-position":"center center","background-size":"auto","background-attachment":"scroll","background-type":"","background-media":"","overlay-type":"","overlay-color":"","overlay-opacity":"","overlay-gradient":""},"tablet":{"background-color":"","background-image":"","background-repeat":"repeat","background-position":"center center","background-size":"auto","background-attachment":"scroll","background-type":"","background-media":"","overlay-type":"","overlay-color":"","overlay-opacity":"","overlay-gradient":""},"mobile":{"background-color":"","background-image":"","background-repeat":"repeat","background-position":"center center","background-size":"auto","background-attachment":"scroll","background-type":"","background-media":"","overlay-type":"","overlay-color":"","overlay-opacity":"","overlay-gradient":""}},"ast-content-background-meta":{"desktop":{"background-color":"var(--ast-global-color-4)","background-image":"","background-repeat":"repeat","background-position":"center center","background-size":"auto","background-attachment":"scroll","background-type":"","background-media":"","overlay-type":"","overlay-color":"","overlay-opacity":"","overlay-gradient":""},"tablet":{"background-color":"var(--ast-global-color-4)","background-image":"","background-repeat":"repeat","background-position":"center center","background-size":"auto","background-attachment":"scroll","background-type":"","background-media":"","overlay-type":"","overlay-color":"","overlay-opacity":"","overlay-gradient":""},"mobile":{"background-color":"var(--ast-global-color-4)","background-image":"","background-repeat":"repeat","background-position":"center center","background-size":"auto","background-attachment":"scroll","background-type":"","background-media":"","overlay-type":"","overlay-color":"","overlay-opacity":"","overlay-gradient":""}},"footnotes":""},"categories":[4],"tags":[18,90,119],"class_list":["post-2819","post","type-post","status-publish","format-standard","has-post-thumbnail","hentry","category-conferencista","tag-13-educacao-e-saude","tag-conferencista-educon2021","tag-educon2021"],"_links":{"self":[{"href":"https:\/\/coloquioeducon.com\/xvii\/wp-json\/wp\/v2\/posts\/2819","targetHints":{"allow":["GET"]}}],"collection":[{"href":"https:\/\/coloquioeducon.com\/xvii\/wp-json\/wp\/v2\/posts"}],"about":[{"href":"https:\/\/coloquioeducon.com\/xvii\/wp-json\/wp\/v2\/types\/post"}],"author":[{"embeddable":true,"href":"https:\/\/coloquioeducon.com\/xvii\/wp-json\/wp\/v2\/users\/2"}],"replies":[{"embeddable":true,"href":"https:\/\/coloquioeducon.com\/xvii\/wp-json\/wp\/v2\/comments?post=2819"}],"version-history":[{"count":0,"href":"https:\/\/coloquioeducon.com\/xvii\/wp-json\/wp\/v2\/posts\/2819\/revisions"}],"wp:featuredmedia":[{"embeddable":true,"href":"https:\/\/coloquioeducon.com\/xvii\/wp-json\/wp\/v2\/media\/3222"}],"wp:attachment":[{"href":"https:\/\/coloquioeducon.com\/xvii\/wp-json\/wp\/v2\/media?parent=2819"}],"wp:term":[{"taxonomy":"category","embeddable":true,"href":"https:\/\/coloquioeducon.com\/xvii\/wp-json\/wp\/v2\/categories?post=2819"},{"taxonomy":"post_tag","embeddable":true,"href":"https:\/\/coloquioeducon.com\/xvii\/wp-json\/wp\/v2\/tags?post=2819"}],"curies":[{"name":"wp","href":"https:\/\/api.w.org\/{rel}","templated":true}]}}