{"id":2818,"date":"2021-09-12T16:38:56","date_gmt":"2021-09-12T19:38:56","guid":{"rendered":"https:\/\/coloquioeducon.com\/xv\/?p=2818"},"modified":"2021-09-12T16:38:56","modified_gmt":"2021-09-12T19:38:56","slug":"leyvijane-albuquerque-de-araujo","status":"publish","type":"post","link":"https:\/\/coloquioeducon.com\/xvii\/2021\/09\/12\/leyvijane-albuquerque-de-araujo\/","title":{"rendered":"Leyvijane Albuquerque de Ara\u00fajo"},"content":{"rendered":"\n<figure class=\"wp-block-pullquote\"><blockquote><p><strong>Licenciada em Pedagogia com habilita\u00e7\u00e3o em Supervis\u00e3o e Orienta\u00e7\u00e3o Educacional, Mestre em Educa\u00e7\u00e3o pela Universidade Federal do Amazonas (UFAM), Doutora em Educa\u00e7\u00e3o pela Universidade de Bras\u00edlia (UnB), especialista em Inform\u00e1tica e Educa\u00e7\u00e3o pelo Centro Universit\u00e1rio do Norte, com aperfei\u00e7oamento em Qualidade da Educa\u00e7\u00e3o B\u00e1sica pelo Instituto de Estudos Avan\u00e7ados das Am\u00e9ricas da Ag\u00eancia Interamericana de Coopera\u00e7\u00e3o e Desenvolvimento da Secretaria Geral da Organiza\u00e7\u00e3o dos Estados Americanos (AICD\/OEA). \u00c9 pedagoga e membro do Grupo de Pesquisa &#8220;Curr\u00edculo: Concep\u00e7\u00f5es Te\u00f3ricas e Pr\u00e1ticas Educativas&#8221; da Faculdade de Educa\u00e7\u00e3o da Universidade de Bras\u00edlia.<\/strong><\/p><\/blockquote><\/figure>\n\n\n\n<ul class=\"wp-block-list\"><li>Pa\u00eds: Brasil<\/li><li>Institui\u00e7\u00e3o: Universidade de Bras\u00edlia<\/li><li>Orcid: https:\/\/orcid.org\/0000-0001-7833-835X<\/li><li>Lattes: http:\/\/lattes.cnpq.br\/5471578243692232<\/li><li>Participa\u00e7\u00e3o: Coordenadora<\/li><li>Confer\u00eancia Nacional: Os desafios da escolariza\u00e7\u00e3o online para os curr\u00edculos nos cotidianos escolares.<\/li><li>Data: 24\/09\/2021<\/li><li>Hor\u00e1rio: 14h00-15h30<\/li><li>Eixo: 11 Curr\u00edculo, Gest\u00e3o e Organiza\u00e7\u00e3o do Trabalho Pedag\u00f3gico<\/li><\/ul>\n","protected":false},"excerpt":{"rendered":"<p>Licenciada em Pedagogia com habilita\u00e7\u00e3o em Supervis\u00e3o e Orienta\u00e7\u00e3o Educacional, Mestre em Educa\u00e7\u00e3o pela Universidade Federal do Amazonas (UFAM), Doutora [&hellip;]<\/p>\n","protected":false},"author":2,"featured_media":2956,"comment_status":"open","ping_status":"open","sticky":false,"template":"","format":"standard","meta":{"site-sidebar-layout":"default","site-content-layout":"","ast-site-content-layout":"default","site-content-style":"default","site-sidebar-style":"default","ast-global-header-display":"","ast-banner-title-visibility":"","ast-main-header-display":"","ast-hfb-above-header-display":"","ast-hfb-below-header-display":"","ast-hfb-mobile-header-display":"","site-post-title":"","ast-breadcrumbs-content":"","ast-featured-img":"","footer-sml-layout":"","theme-transparent-header-meta":"","adv-header-id-meta":"","stick-header-meta":"","header-above-stick-meta":"","header-main-stick-meta":"","header-below-stick-meta":"","astra-migrate-meta-layouts":"default","ast-page-background-enabled":"default","ast-page-background-meta":{"desktop":{"background-color":"var(--ast-global-color-5)","background-image":"","background-repeat":"repeat","background-position":"center center","background-size":"auto","background-attachment":"scroll","background-type":"","background-media":"","overlay-type":"","overlay-color":"","overlay-opacity":"","overlay-gradient":""},"tablet":{"background-color":"","background-image":"","background-repeat":"repeat","background-position":"center center","background-size":"auto","background-attachment":"scroll","background-type":"","background-media":"","overlay-type":"","overlay-color":"","overlay-opacity":"","overlay-gradient":""},"mobile":{"background-color":"","background-image":"","background-repeat":"repeat","background-position":"center center","background-size":"auto","background-attachment":"scroll","background-type":"","background-media":"","overlay-type":"","overlay-color":"","overlay-opacity":"","overlay-gradient":""}},"ast-content-background-meta":{"desktop":{"background-color":"var(--ast-global-color-4)","background-image":"","background-repeat":"repeat","background-position":"center center","background-size":"auto","background-attachment":"scroll","background-type":"","background-media":"","overlay-type":"","overlay-color":"","overlay-opacity":"","overlay-gradient":""},"tablet":{"background-color":"var(--ast-global-color-4)","background-image":"","background-repeat":"repeat","background-position":"center center","background-size":"auto","background-attachment":"scroll","background-type":"","background-media":"","overlay-type":"","overlay-color":"","overlay-opacity":"","overlay-gradient":""},"mobile":{"background-color":"var(--ast-global-color-4)","background-image":"","background-repeat":"repeat","background-position":"center center","background-size":"auto","background-attachment":"scroll","background-type":"","background-media":"","overlay-type":"","overlay-color":"","overlay-opacity":"","overlay-gradient":""}},"footnotes":""},"categories":[5],"tags":[16,90,119],"class_list":["post-2818","post","type-post","status-publish","format-standard","has-post-thumbnail","hentry","category-coordenadores-de-mesas","tag-11-curriculo-gestao-e-organizacao-do-trabalho-pedagogico","tag-conferencista-educon2021","tag-educon2021"],"_links":{"self":[{"href":"https:\/\/coloquioeducon.com\/xvii\/wp-json\/wp\/v2\/posts\/2818","targetHints":{"allow":["GET"]}}],"collection":[{"href":"https:\/\/coloquioeducon.com\/xvii\/wp-json\/wp\/v2\/posts"}],"about":[{"href":"https:\/\/coloquioeducon.com\/xvii\/wp-json\/wp\/v2\/types\/post"}],"author":[{"embeddable":true,"href":"https:\/\/coloquioeducon.com\/xvii\/wp-json\/wp\/v2\/users\/2"}],"replies":[{"embeddable":true,"href":"https:\/\/coloquioeducon.com\/xvii\/wp-json\/wp\/v2\/comments?post=2818"}],"version-history":[{"count":0,"href":"https:\/\/coloquioeducon.com\/xvii\/wp-json\/wp\/v2\/posts\/2818\/revisions"}],"wp:featuredmedia":[{"embeddable":true,"href":"https:\/\/coloquioeducon.com\/xvii\/wp-json\/wp\/v2\/media\/2956"}],"wp:attachment":[{"href":"https:\/\/coloquioeducon.com\/xvii\/wp-json\/wp\/v2\/media?parent=2818"}],"wp:term":[{"taxonomy":"category","embeddable":true,"href":"https:\/\/coloquioeducon.com\/xvii\/wp-json\/wp\/v2\/categories?post=2818"},{"taxonomy":"post_tag","embeddable":true,"href":"https:\/\/coloquioeducon.com\/xvii\/wp-json\/wp\/v2\/tags?post=2818"}],"curies":[{"name":"wp","href":"https:\/\/api.w.org\/{rel}","templated":true}]}}