{"id":2814,"date":"2021-09-12T16:37:31","date_gmt":"2021-09-12T19:37:31","guid":{"rendered":"https:\/\/coloquioeducon.com\/xv\/?p=2814"},"modified":"2021-09-12T16:37:31","modified_gmt":"2021-09-12T19:37:31","slug":"nilda-stecanela","status":"publish","type":"post","link":"https:\/\/coloquioeducon.com\/xvii\/2021\/09\/12\/nilda-stecanela\/","title":{"rendered":"Nilda Stecanela"},"content":{"rendered":"\n<figure class=\"wp-block-pullquote\"><blockquote><p><strong>Nilda Stecanela desenvolveu estudos de P\u00f3s-Doutorado em Educa\u00e7\u00e3o, como bolsista CAPES, no Institute of Education\/University of London (2015-2016); \u00c9 Doutora e Mestre em Educa\u00e7\u00e3o pela Universidade Federal do Rio Grande do Sul (2008 e 2002), Especialista em Gest\u00e3o do Ensino na Educa\u00e7\u00e3o B\u00e1sica pela Universidade de Caxias do Sul (1998), Licenciada em Biologia pela Universidade do Vale do Rio dos Sinos (1997) e em Ci\u00eancias Exatas pela Universidade de Caxias do Sul (1982). Exerceu as fun\u00e7\u00f5es de Pr\u00f3-Reitora de pesquisa e P\u00f3s-Gradua\u00e7\u00e3o (2026-2018) e de Pr\u00f3-Reitora Acad\u00eamica (2018-2021) da Universidade de Caxias do Sul. \u00c9 docente do corpo permanente no Programa de P\u00f3s-Gradua\u00e7\u00e3o em Educa\u00e7\u00e3o da Universidade de Caxias do Sul e Co-editora da Revista Conjectura: Filosofia e Educa\u00e7\u00e3o. Coordena o Observat\u00f3rio de Educa\u00e7\u00e3o da mesma institui\u00e7\u00e3o. \u00c9 bolsista CNPq de Produtividade em Pesquisa.<\/strong><\/p><\/blockquote><\/figure>\n\n\n\n<ul class=\"wp-block-list\"><li>Pa\u00eds: Brasil<\/li><li>Institui\u00e7\u00e3o: Universidade de Caxias do Sul<\/li><li>Orcid: http:\/\/orcid.org\/0000-0001-9946-0848<\/li><li>Lattes: http:\/\/lattes.cnpq.br\/7861875052634037<\/li><li>Participa\u00e7\u00e3o: Coordenadora<\/li><li>Confer\u00eancia Nacional: Rela\u00e7\u00e3o com o saber e territ\u00f3rio \u2013 possibilidades interdisciplinares.<\/li><li>Data: 22\/09\/2021<\/li><li>Hor\u00e1rio: 19h00-20h30<\/li><li>Eixo: 9 Rela\u00e7\u00e3o com o Saber<\/li><\/ul>\n","protected":false},"excerpt":{"rendered":"<p>Nilda Stecanela desenvolveu estudos de P\u00f3s-Doutorado em Educa\u00e7\u00e3o, como bolsista CAPES, no Institute of Education\/University of London (2015-2016); \u00c9 Doutora [&hellip;]<\/p>\n","protected":false},"author":2,"featured_media":3021,"comment_status":"open","ping_status":"open","sticky":false,"template":"","format":"standard","meta":{"site-sidebar-layout":"default","site-content-layout":"","ast-site-content-layout":"default","site-content-style":"default","site-sidebar-style":"default","ast-global-header-display":"","ast-banner-title-visibility":"","ast-main-header-display":"","ast-hfb-above-header-display":"","ast-hfb-below-header-display":"","ast-hfb-mobile-header-display":"","site-post-title":"","ast-breadcrumbs-content":"","ast-featured-img":"","footer-sml-layout":"","theme-transparent-header-meta":"","adv-header-id-meta":"","stick-header-meta":"","header-above-stick-meta":"","header-main-stick-meta":"","header-below-stick-meta":"","astra-migrate-meta-layouts":"default","ast-page-background-enabled":"default","ast-page-background-meta":{"desktop":{"background-color":"var(--ast-global-color-5)","background-image":"","background-repeat":"repeat","background-position":"center center","background-size":"auto","background-attachment":"scroll","background-type":"","background-media":"","overlay-type":"","overlay-color":"","overlay-opacity":"","overlay-gradient":""},"tablet":{"background-color":"","background-image":"","background-repeat":"repeat","background-position":"center center","background-size":"auto","background-attachment":"scroll","background-type":"","background-media":"","overlay-type":"","overlay-color":"","overlay-opacity":"","overlay-gradient":""},"mobile":{"background-color":"","background-image":"","background-repeat":"repeat","background-position":"center center","background-size":"auto","background-attachment":"scroll","background-type":"","background-media":"","overlay-type":"","overlay-color":"","overlay-opacity":"","overlay-gradient":""}},"ast-content-background-meta":{"desktop":{"background-color":"var(--ast-global-color-4)","background-image":"","background-repeat":"repeat","background-position":"center center","background-size":"auto","background-attachment":"scroll","background-type":"","background-media":"","overlay-type":"","overlay-color":"","overlay-opacity":"","overlay-gradient":""},"tablet":{"background-color":"var(--ast-global-color-4)","background-image":"","background-repeat":"repeat","background-position":"center center","background-size":"auto","background-attachment":"scroll","background-type":"","background-media":"","overlay-type":"","overlay-color":"","overlay-opacity":"","overlay-gradient":""},"mobile":{"background-color":"var(--ast-global-color-4)","background-image":"","background-repeat":"repeat","background-position":"center center","background-size":"auto","background-attachment":"scroll","background-type":"","background-media":"","overlay-type":"","overlay-color":"","overlay-opacity":"","overlay-gradient":""}},"footnotes":""},"categories":[4],"tags":[17,119],"class_list":["post-2814","post","type-post","status-publish","format-standard","has-post-thumbnail","hentry","category-conferencista","tag-12-educacao-cultura-e-arte","tag-educon2021"],"_links":{"self":[{"href":"https:\/\/coloquioeducon.com\/xvii\/wp-json\/wp\/v2\/posts\/2814","targetHints":{"allow":["GET"]}}],"collection":[{"href":"https:\/\/coloquioeducon.com\/xvii\/wp-json\/wp\/v2\/posts"}],"about":[{"href":"https:\/\/coloquioeducon.com\/xvii\/wp-json\/wp\/v2\/types\/post"}],"author":[{"embeddable":true,"href":"https:\/\/coloquioeducon.com\/xvii\/wp-json\/wp\/v2\/users\/2"}],"replies":[{"embeddable":true,"href":"https:\/\/coloquioeducon.com\/xvii\/wp-json\/wp\/v2\/comments?post=2814"}],"version-history":[{"count":0,"href":"https:\/\/coloquioeducon.com\/xvii\/wp-json\/wp\/v2\/posts\/2814\/revisions"}],"wp:featuredmedia":[{"embeddable":true,"href":"https:\/\/coloquioeducon.com\/xvii\/wp-json\/wp\/v2\/media\/3021"}],"wp:attachment":[{"href":"https:\/\/coloquioeducon.com\/xvii\/wp-json\/wp\/v2\/media?parent=2814"}],"wp:term":[{"taxonomy":"category","embeddable":true,"href":"https:\/\/coloquioeducon.com\/xvii\/wp-json\/wp\/v2\/categories?post=2814"},{"taxonomy":"post_tag","embeddable":true,"href":"https:\/\/coloquioeducon.com\/xvii\/wp-json\/wp\/v2\/tags?post=2814"}],"curies":[{"name":"wp","href":"https:\/\/api.w.org\/{rel}","templated":true}]}}