{"id":2813,"date":"2021-09-12T16:37:13","date_gmt":"2021-09-12T19:37:13","guid":{"rendered":"https:\/\/coloquioeducon.com\/xv\/?p=2813"},"modified":"2021-09-12T16:37:13","modified_gmt":"2021-09-12T19:37:13","slug":"patricia-dos-santos","status":"publish","type":"post","link":"https:\/\/coloquioeducon.com\/xvii\/2021\/09\/12\/patricia-dos-santos\/","title":{"rendered":"Patr\u00edcia dos Santos"},"content":{"rendered":"\n<figure class=\"wp-block-pullquote\"><blockquote><p><strong>Atriz\/clown, diretora e professora de teatro graduada pela Universidade de Santa Catarina. Estudou na escola Internacional de Teatro Jacques Lecoq- Paris e realizou mestrado na Universidade Rey Juan Carlos &#8211; Madrid. Tem uma vasta experiencia art\u00edstica e atualmente vive nos Texas e continua seu trabalho como atriz, clown e dirigindo do espet\u00e1culo de teatro-danza &#8220;La Casa&#8221; no Panam\u00e1.<\/strong><\/p><\/blockquote><\/figure>\n\n\n\n<p>Pa\u00eds: United States<br>Institui\u00e7\u00e3o: Universidade Rey Juan Carlos<br>https:\/\/docs.google.com\/document\/d\/1gb9lV8_MNNNPjhCSSoeQAm5-uTXOXv6_n7_SB5cEyKA\/edit<br>https:\/\/docs.google.com\/document\/d\/1gb9lV8_MNNNPjhCSSoeQAm5-uTXOXv6_n7_SB5cEyKA\/edit<br>Redes sociais: https:\/\/www.facebook.com\/patricia.dossantos.10297\/<br>Outras informa\u00e7\u00f5es: Especialista em an\u00e1lise do movimento, m\u00e1scara e clown. Completou cursos com art\u00edstas europeus como Philipe Gaulier (Fran\u00e7a), Norman Taylor (Inglaterra), Jean-Bernard Bonange (Fran\u00e7a), Jos Houben (B\u00e9lgica), Ant\u00f3n Valen (Espanha), Giorgio Bongiovanni (Italia), entre outros.<br>Ganhou o trof\u00e9u bastidores como atriz revela\u00e7\u00e3o em SC e certificado de honra em Osorno, Chile.<br>Participa\u00e7\u00e3o: Relatora de Experi\u00eancia<br>Mesa Redonda Nacional: Teatro de Anima\u00e7\u00e3o na Contemporaneidade.<br>Data: 22\/09\/2021<br>Hor\u00e1rio: 19h00-20h30<br>Eixo: 12 Educa\u00e7\u00e3o, Cultura e Arte<\/p>\n","protected":false},"excerpt":{"rendered":"<p>Atriz\/clown, diretora e professora de teatro graduada pela Universidade de Santa Catarina. Estudou na escola Internacional de Teatro Jacques Lecoq- [&hellip;]<\/p>\n","protected":false},"author":2,"featured_media":3027,"comment_status":"open","ping_status":"open","sticky":false,"template":"","format":"standard","meta":{"site-sidebar-layout":"default","site-content-layout":"","ast-site-content-layout":"default","site-content-style":"default","site-sidebar-style":"default","ast-global-header-display":"","ast-banner-title-visibility":"","ast-main-header-display":"","ast-hfb-above-header-display":"","ast-hfb-below-header-display":"","ast-hfb-mobile-header-display":"","site-post-title":"","ast-breadcrumbs-content":"","ast-featured-img":"","footer-sml-layout":"","theme-transparent-header-meta":"","adv-header-id-meta":"","stick-header-meta":"","header-above-stick-meta":"","header-main-stick-meta":"","header-below-stick-meta":"","astra-migrate-meta-layouts":"default","ast-page-background-enabled":"default","ast-page-background-meta":{"desktop":{"background-color":"var(--ast-global-color-5)","background-image":"","background-repeat":"repeat","background-position":"center center","background-size":"auto","background-attachment":"scroll","background-type":"","background-media":"","overlay-type":"","overlay-color":"","overlay-opacity":"","overlay-gradient":""},"tablet":{"background-color":"","background-image":"","background-repeat":"repeat","background-position":"center center","background-size":"auto","background-attachment":"scroll","background-type":"","background-media":"","overlay-type":"","overlay-color":"","overlay-opacity":"","overlay-gradient":""},"mobile":{"background-color":"","background-image":"","background-repeat":"repeat","background-position":"center center","background-size":"auto","background-attachment":"scroll","background-type":"","background-media":"","overlay-type":"","overlay-color":"","overlay-opacity":"","overlay-gradient":""}},"ast-content-background-meta":{"desktop":{"background-color":"var(--ast-global-color-4)","background-image":"","background-repeat":"repeat","background-position":"center center","background-size":"auto","background-attachment":"scroll","background-type":"","background-media":"","overlay-type":"","overlay-color":"","overlay-opacity":"","overlay-gradient":""},"tablet":{"background-color":"var(--ast-global-color-4)","background-image":"","background-repeat":"repeat","background-position":"center center","background-size":"auto","background-attachment":"scroll","background-type":"","background-media":"","overlay-type":"","overlay-color":"","overlay-opacity":"","overlay-gradient":""},"mobile":{"background-color":"var(--ast-global-color-4)","background-image":"","background-repeat":"repeat","background-position":"center center","background-size":"auto","background-attachment":"scroll","background-type":"","background-media":"","overlay-type":"","overlay-color":"","overlay-opacity":"","overlay-gradient":""}},"footnotes":""},"categories":[4,8],"tags":[17,90,119],"class_list":["post-2813","post","type-post","status-publish","format-standard","has-post-thumbnail","hentry","category-conferencista","category-relatora-de-experiencia","tag-12-educacao-cultura-e-arte","tag-conferencista-educon2021","tag-educon2021"],"_links":{"self":[{"href":"https:\/\/coloquioeducon.com\/xvii\/wp-json\/wp\/v2\/posts\/2813","targetHints":{"allow":["GET"]}}],"collection":[{"href":"https:\/\/coloquioeducon.com\/xvii\/wp-json\/wp\/v2\/posts"}],"about":[{"href":"https:\/\/coloquioeducon.com\/xvii\/wp-json\/wp\/v2\/types\/post"}],"author":[{"embeddable":true,"href":"https:\/\/coloquioeducon.com\/xvii\/wp-json\/wp\/v2\/users\/2"}],"replies":[{"embeddable":true,"href":"https:\/\/coloquioeducon.com\/xvii\/wp-json\/wp\/v2\/comments?post=2813"}],"version-history":[{"count":0,"href":"https:\/\/coloquioeducon.com\/xvii\/wp-json\/wp\/v2\/posts\/2813\/revisions"}],"wp:featuredmedia":[{"embeddable":true,"href":"https:\/\/coloquioeducon.com\/xvii\/wp-json\/wp\/v2\/media\/3027"}],"wp:attachment":[{"href":"https:\/\/coloquioeducon.com\/xvii\/wp-json\/wp\/v2\/media?parent=2813"}],"wp:term":[{"taxonomy":"category","embeddable":true,"href":"https:\/\/coloquioeducon.com\/xvii\/wp-json\/wp\/v2\/categories?post=2813"},{"taxonomy":"post_tag","embeddable":true,"href":"https:\/\/coloquioeducon.com\/xvii\/wp-json\/wp\/v2\/tags?post=2813"}],"curies":[{"name":"wp","href":"https:\/\/api.w.org\/{rel}","templated":true}]}}