{"id":2777,"date":"2021-09-12T15:07:54","date_gmt":"2021-09-12T18:07:54","guid":{"rendered":"https:\/\/coloquioeducon.com\/xv\/?p=2777"},"modified":"2021-09-12T15:07:54","modified_gmt":"2021-09-12T18:07:54","slug":"eliana-romao","status":"publish","type":"post","link":"https:\/\/coloquioeducon.com\/xvii\/2021\/09\/12\/eliana-romao\/","title":{"rendered":"Eliana Rom\u00e3o"},"content":{"rendered":"\n<figure class=\"wp-block-pullquote\"><blockquote><p><strong>Possui pedagogia (UFAL- Macei\u00f3\/AL), mestrado e doutorado em Educa\u00e7\u00e3o pela Universidade Estadual de Campinas\/UNICAMP, bem como P\u00f3s Doutorado &#8211; est\u00e1gio S\u00eanior\/bolsa Capes- realizado junto \u00e0 Universidade do Porto &#8211; Portugal. Atualmente, \u00e9 Professora Associado II do Departamento de Educa\u00e7\u00e3o\/Universidade Federal de Sergipe\/UFS. Foi coordenadora de \u00e1rea PIBID\/Pedagogia &#8211; 2014\/nov a 2017\/jan, bem como por ocasi\u00e3o de sua implanta\u00e7\u00e3o &#8211; 2009-2013. E, tamb\u00e9m, foi vice-coordenadora Institucional do Programa de Apoio a Laborat\u00f3rio Interdisciplinar de Forma\u00e7\u00e3o de Educadores &#8211; LIFE &#8211; candidatura apresentada em outubro de 2013, tamb\u00e9m por ocasi\u00e3o de sua implanta\u00e7\u00e3o. Desenvolve pesquisa de \u00edndole quali-narrativas, tendo como focos de estudo &#8211; crian\u00e7a, leitura e escrita, educa\u00e7\u00e3o e comunica\u00e7\u00e3o. Atua tamb\u00e9m no campo de educa\u00e7\u00e3o e comunica\u00e7\u00e3o a dist\u00e2ncia, potenciada por tecnologias educativas. T\u00eam publica\u00e7\u00f5es na forma de livros &#8211; impressos e e-book, cap\u00edtulos de livros, revistas e atas de congressos internacionais e nacionais.<\/strong><\/p><\/blockquote><\/figure>\n\n\n\n<ul class=\"wp-block-list\"><li>Pa\u00eds: Brasil<\/li><li>Institui\u00e7\u00e3o: Universidade Federal de Sergipe<\/li><li>Orcid: https:\/\/orcid.org\/0000-0002-2380-4509#:~:text=https%3A\/\/orcid.org,0002-2380-4509<\/li><li>Lattes: http:\/\/lattes.cnpq.br\/6237913864312148<\/li><li>Participa\u00e7\u00e3o: Conferencista<\/li><li>Confer\u00eancia nacional: C\u00e1 entre n\u00f3s e a s\u00f3s na era da comunica\u00e7\u00e3o: educa\u00e7\u00e3o e educadores.<\/li><li>Data: 22\/09\/2021<\/li><li>Hor\u00e1rio: 15h30-17h00<\/li><li>Eixo: 8 Educa\u00e7\u00e3o, Inova\u00e7\u00e3o e Tecnologias<\/li><\/ul>\n","protected":false},"excerpt":{"rendered":"<p>Possui pedagogia (UFAL- Macei\u00f3\/AL), mestrado e doutorado em Educa\u00e7\u00e3o pela Universidade Estadual de Campinas\/UNICAMP, bem como P\u00f3s Doutorado &#8211; est\u00e1gio [&hellip;]<\/p>\n","protected":false},"author":2,"featured_media":3157,"comment_status":"open","ping_status":"open","sticky":false,"template":"","format":"standard","meta":{"site-sidebar-layout":"default","site-content-layout":"","ast-site-content-layout":"default","site-content-style":"default","site-sidebar-style":"default","ast-global-header-display":"","ast-banner-title-visibility":"","ast-main-header-display":"","ast-hfb-above-header-display":"","ast-hfb-below-header-display":"","ast-hfb-mobile-header-display":"","site-post-title":"","ast-breadcrumbs-content":"","ast-featured-img":"","footer-sml-layout":"","theme-transparent-header-meta":"","adv-header-id-meta":"","stick-header-meta":"","header-above-stick-meta":"","header-main-stick-meta":"","header-below-stick-meta":"","astra-migrate-meta-layouts":"default","ast-page-background-enabled":"default","ast-page-background-meta":{"desktop":{"background-color":"var(--ast-global-color-5)","background-image":"","background-repeat":"repeat","background-position":"center center","background-size":"auto","background-attachment":"scroll","background-type":"","background-media":"","overlay-type":"","overlay-color":"","overlay-opacity":"","overlay-gradient":""},"tablet":{"background-color":"","background-image":"","background-repeat":"repeat","background-position":"center center","background-size":"auto","background-attachment":"scroll","background-type":"","background-media":"","overlay-type":"","overlay-color":"","overlay-opacity":"","overlay-gradient":""},"mobile":{"background-color":"","background-image":"","background-repeat":"repeat","background-position":"center center","background-size":"auto","background-attachment":"scroll","background-type":"","background-media":"","overlay-type":"","overlay-color":"","overlay-opacity":"","overlay-gradient":""}},"ast-content-background-meta":{"desktop":{"background-color":"var(--ast-global-color-4)","background-image":"","background-repeat":"repeat","background-position":"center center","background-size":"auto","background-attachment":"scroll","background-type":"","background-media":"","overlay-type":"","overlay-color":"","overlay-opacity":"","overlay-gradient":""},"tablet":{"background-color":"var(--ast-global-color-4)","background-image":"","background-repeat":"repeat","background-position":"center center","background-size":"auto","background-attachment":"scroll","background-type":"","background-media":"","overlay-type":"","overlay-color":"","overlay-opacity":"","overlay-gradient":""},"mobile":{"background-color":"var(--ast-global-color-4)","background-image":"","background-repeat":"repeat","background-position":"center center","background-size":"auto","background-attachment":"scroll","background-type":"","background-media":"","overlay-type":"","overlay-color":"","overlay-opacity":"","overlay-gradient":""}},"footnotes":""},"categories":[4],"tags":[46,90,119],"class_list":["post-2777","post","type-post","status-publish","format-standard","has-post-thumbnail","hentry","category-conferencista","tag-8-educacao-inovacao-e-tecnologias","tag-conferencista-educon2021","tag-educon2021"],"_links":{"self":[{"href":"https:\/\/coloquioeducon.com\/xvii\/wp-json\/wp\/v2\/posts\/2777","targetHints":{"allow":["GET"]}}],"collection":[{"href":"https:\/\/coloquioeducon.com\/xvii\/wp-json\/wp\/v2\/posts"}],"about":[{"href":"https:\/\/coloquioeducon.com\/xvii\/wp-json\/wp\/v2\/types\/post"}],"author":[{"embeddable":true,"href":"https:\/\/coloquioeducon.com\/xvii\/wp-json\/wp\/v2\/users\/2"}],"replies":[{"embeddable":true,"href":"https:\/\/coloquioeducon.com\/xvii\/wp-json\/wp\/v2\/comments?post=2777"}],"version-history":[{"count":0,"href":"https:\/\/coloquioeducon.com\/xvii\/wp-json\/wp\/v2\/posts\/2777\/revisions"}],"wp:featuredmedia":[{"embeddable":true,"href":"https:\/\/coloquioeducon.com\/xvii\/wp-json\/wp\/v2\/media\/3157"}],"wp:attachment":[{"href":"https:\/\/coloquioeducon.com\/xvii\/wp-json\/wp\/v2\/media?parent=2777"}],"wp:term":[{"taxonomy":"category","embeddable":true,"href":"https:\/\/coloquioeducon.com\/xvii\/wp-json\/wp\/v2\/categories?post=2777"},{"taxonomy":"post_tag","embeddable":true,"href":"https:\/\/coloquioeducon.com\/xvii\/wp-json\/wp\/v2\/tags?post=2777"}],"curies":[{"name":"wp","href":"https:\/\/api.w.org\/{rel}","templated":true}]}}