{"id":2776,"date":"2021-09-12T15:07:40","date_gmt":"2021-09-12T18:07:40","guid":{"rendered":"https:\/\/coloquioeducon.com\/xv\/?p=2776"},"modified":"2021-09-12T15:07:40","modified_gmt":"2021-09-12T18:07:40","slug":"edineia-tavares-lopes","status":"publish","type":"post","link":"https:\/\/coloquioeducon.com\/xvii\/2021\/09\/12\/edineia-tavares-lopes\/","title":{"rendered":"Edineia Tavares Lopes"},"content":{"rendered":"\n<figure class=\"wp-block-pullquote\"><blockquote><p><strong>Professora Associada da Universidade Federal de Sergipe. Vinculada ao Programa de P\u00f3s-Gradua\u00e7\u00e3o em Ensino de Ci\u00eancias e Matem\u00e1tica (PPGECIMA), Programa de P\u00f3s-Gradua\u00e7\u00e3o em Educa\u00e7\u00e3o (PPGED) e ao N\u00facleo de Estudos Afro-Brasileiros e Ind\u00edgenas (NEABI).<\/strong><\/p><\/blockquote><\/figure>\n\n\n\n<ul class=\"wp-block-list\"><li>Pa\u00eds: Brasil<\/li><li>Institui\u00e7\u00e3o: UFS &#8211; Universidade Federal de Sergipe<\/li><li>Orcid: 0000-0003-3842-2092<\/li><li>Lattes: http:\/\/lattes.cnpq.br\/0920968615996079<\/li><li>Redes sociais: https:\/\/www.facebook.com\/edineia.tavares.1;<\/li><li>Webpage: @edineia.tavares.1<\/li><li>Participa\u00e7\u00e3o: Conferencista<\/li><li>Mesa-Redonda Nacional: Educa\u00e7\u00e3o e Pensamento Decolonial.<\/li><li>Data: 23\/09\/2021<\/li><li>Hor\u00e1rio: 20h30-22h00<\/li><li>Eixo: 12 Educa\u00e7\u00e3o, Cultura e Arte<\/li><\/ul>\n","protected":false},"excerpt":{"rendered":"<p>Professora Associada da Universidade Federal de Sergipe. Vinculada ao Programa de P\u00f3s-Gradua\u00e7\u00e3o em Ensino de Ci\u00eancias e Matem\u00e1tica (PPGECIMA), Programa [&hellip;]<\/p>\n","protected":false},"author":2,"featured_media":3152,"comment_status":"open","ping_status":"open","sticky":false,"template":"","format":"standard","meta":{"site-sidebar-layout":"default","site-content-layout":"","ast-site-content-layout":"default","site-content-style":"default","site-sidebar-style":"default","ast-global-header-display":"","ast-banner-title-visibility":"","ast-main-header-display":"","ast-hfb-above-header-display":"","ast-hfb-below-header-display":"","ast-hfb-mobile-header-display":"","site-post-title":"","ast-breadcrumbs-content":"","ast-featured-img":"","footer-sml-layout":"","theme-transparent-header-meta":"","adv-header-id-meta":"","stick-header-meta":"","header-above-stick-meta":"","header-main-stick-meta":"","header-below-stick-meta":"","astra-migrate-meta-layouts":"default","ast-page-background-enabled":"default","ast-page-background-meta":{"desktop":{"background-color":"var(--ast-global-color-5)","background-image":"","background-repeat":"repeat","background-position":"center center","background-size":"auto","background-attachment":"scroll","background-type":"","background-media":"","overlay-type":"","overlay-color":"","overlay-opacity":"","overlay-gradient":""},"tablet":{"background-color":"","background-image":"","background-repeat":"repeat","background-position":"center center","background-size":"auto","background-attachment":"scroll","background-type":"","background-media":"","overlay-type":"","overlay-color":"","overlay-opacity":"","overlay-gradient":""},"mobile":{"background-color":"","background-image":"","background-repeat":"repeat","background-position":"center center","background-size":"auto","background-attachment":"scroll","background-type":"","background-media":"","overlay-type":"","overlay-color":"","overlay-opacity":"","overlay-gradient":""}},"ast-content-background-meta":{"desktop":{"background-color":"var(--ast-global-color-4)","background-image":"","background-repeat":"repeat","background-position":"center center","background-size":"auto","background-attachment":"scroll","background-type":"","background-media":"","overlay-type":"","overlay-color":"","overlay-opacity":"","overlay-gradient":""},"tablet":{"background-color":"var(--ast-global-color-4)","background-image":"","background-repeat":"repeat","background-position":"center center","background-size":"auto","background-attachment":"scroll","background-type":"","background-media":"","overlay-type":"","overlay-color":"","overlay-opacity":"","overlay-gradient":""},"mobile":{"background-color":"var(--ast-global-color-4)","background-image":"","background-repeat":"repeat","background-position":"center center","background-size":"auto","background-attachment":"scroll","background-type":"","background-media":"","overlay-type":"","overlay-color":"","overlay-opacity":"","overlay-gradient":""}},"footnotes":""},"categories":[4],"tags":[17,90,119],"class_list":["post-2776","post","type-post","status-publish","format-standard","has-post-thumbnail","hentry","category-conferencista","tag-12-educacao-cultura-e-arte","tag-conferencista-educon2021","tag-educon2021"],"_links":{"self":[{"href":"https:\/\/coloquioeducon.com\/xvii\/wp-json\/wp\/v2\/posts\/2776","targetHints":{"allow":["GET"]}}],"collection":[{"href":"https:\/\/coloquioeducon.com\/xvii\/wp-json\/wp\/v2\/posts"}],"about":[{"href":"https:\/\/coloquioeducon.com\/xvii\/wp-json\/wp\/v2\/types\/post"}],"author":[{"embeddable":true,"href":"https:\/\/coloquioeducon.com\/xvii\/wp-json\/wp\/v2\/users\/2"}],"replies":[{"embeddable":true,"href":"https:\/\/coloquioeducon.com\/xvii\/wp-json\/wp\/v2\/comments?post=2776"}],"version-history":[{"count":0,"href":"https:\/\/coloquioeducon.com\/xvii\/wp-json\/wp\/v2\/posts\/2776\/revisions"}],"wp:featuredmedia":[{"embeddable":true,"href":"https:\/\/coloquioeducon.com\/xvii\/wp-json\/wp\/v2\/media\/3152"}],"wp:attachment":[{"href":"https:\/\/coloquioeducon.com\/xvii\/wp-json\/wp\/v2\/media?parent=2776"}],"wp:term":[{"taxonomy":"category","embeddable":true,"href":"https:\/\/coloquioeducon.com\/xvii\/wp-json\/wp\/v2\/categories?post=2776"},{"taxonomy":"post_tag","embeddable":true,"href":"https:\/\/coloquioeducon.com\/xvii\/wp-json\/wp\/v2\/tags?post=2776"}],"curies":[{"name":"wp","href":"https:\/\/api.w.org\/{rel}","templated":true}]}}