{"id":2774,"date":"2021-09-12T15:07:14","date_gmt":"2021-09-12T18:07:14","guid":{"rendered":"https:\/\/coloquioeducon.com\/xv\/?p=2774"},"modified":"2021-09-12T15:07:14","modified_gmt":"2021-09-12T18:07:14","slug":"divanizia-do-nascimento-souza","status":"publish","type":"post","link":"https:\/\/coloquioeducon.com\/xvii\/2021\/09\/12\/divanizia-do-nascimento-souza\/","title":{"rendered":"Divanizia do Nascimento Souza"},"content":{"rendered":"\n<figure class=\"wp-block-pullquote\"><blockquote><p>Professora do Departamento de F\u00edsica da Universidade Federal de Sergipe. Doutorado em Tecnologia Nuclear pela Universidade de S\u00e3o Paulo, Mestrado em F\u00edsica na Universidade Federal de Sergipe e Licenciatura em F\u00edsica pela Universidade Cat\u00f3lica de Pernambuco.. Atua na \u00e1rea de F\u00edsica, com \u00eanfase em F\u00edsica da Mat\u00e9ria Condensada (experimental) e em Ensino de Ci\u00eancias e Matem\u00e1tica. Linhas de pesquisa: Dosimetria das radia\u00e7\u00f5es; F\u00edsica M\u00e9dica; Instrumenta\u00e7\u00e3o cient\u00edfica; Propriedades \u00d3ticas e Espectrosc\u00f3picas da Mat\u00e9ria Condensada; M\u00e9todos de Ensino das Ci\u00eancias Naturais e Matem\u00e1tica.<\/p><\/blockquote><\/figure>\n\n\n\n<ul class=\"wp-block-list\"><li>Pa\u00eds: Brasil<\/li><li>Institui\u00e7\u00e3o: Universidade Federal de Sergipe<\/li><li>Orcid: https:\/\/orcid.org\/0000-0001-9634-7380<\/li><li>Lattes: http:\/\/lattes.cnpq.br\/3897283209013869<\/li><li>Redes sociais: https:\/\/pt-br.facebook.com\/divanizia.souza<\/li><li>Webpage: https:\/\/www.sigaa.ufs.br\/sigaa\/public\/docente\/portal.jsf?siape=1296993<\/li><li>Participa\u00e7\u00e3o: Conferencista<\/li><li>Mesa-redonda Nacional: O Mestrado Profissional em Ensino no Brasil: balan\u00e7o e perspectivas.<\/li><li>Data: 23\/09\/2021<\/li><li>Hor\u00e1rio: 14h00-15h30<\/li><li>Eixo: 5 Ensino de Matem\u00e1tica e Ci\u00eancias da Natureza<\/li><\/ul>\n","protected":false},"excerpt":{"rendered":"<p>Professora do Departamento de F\u00edsica da Universidade Federal de Sergipe. Doutorado em Tecnologia Nuclear pela Universidade de S\u00e3o Paulo, Mestrado [&hellip;]<\/p>\n","protected":false},"author":2,"featured_media":2923,"comment_status":"open","ping_status":"open","sticky":false,"template":"","format":"standard","meta":{"site-sidebar-layout":"default","site-content-layout":"","ast-site-content-layout":"default","site-content-style":"default","site-sidebar-style":"default","ast-global-header-display":"","ast-banner-title-visibility":"","ast-main-header-display":"","ast-hfb-above-header-display":"","ast-hfb-below-header-display":"","ast-hfb-mobile-header-display":"","site-post-title":"","ast-breadcrumbs-content":"","ast-featured-img":"","footer-sml-layout":"","theme-transparent-header-meta":"","adv-header-id-meta":"","stick-header-meta":"","header-above-stick-meta":"","header-main-stick-meta":"","header-below-stick-meta":"","astra-migrate-meta-layouts":"default","ast-page-background-enabled":"default","ast-page-background-meta":{"desktop":{"background-color":"var(--ast-global-color-5)","background-image":"","background-repeat":"repeat","background-position":"center center","background-size":"auto","background-attachment":"scroll","background-type":"","background-media":"","overlay-type":"","overlay-color":"","overlay-opacity":"","overlay-gradient":""},"tablet":{"background-color":"","background-image":"","background-repeat":"repeat","background-position":"center center","background-size":"auto","background-attachment":"scroll","background-type":"","background-media":"","overlay-type":"","overlay-color":"","overlay-opacity":"","overlay-gradient":""},"mobile":{"background-color":"","background-image":"","background-repeat":"repeat","background-position":"center center","background-size":"auto","background-attachment":"scroll","background-type":"","background-media":"","overlay-type":"","overlay-color":"","overlay-opacity":"","overlay-gradient":""}},"ast-content-background-meta":{"desktop":{"background-color":"var(--ast-global-color-4)","background-image":"","background-repeat":"repeat","background-position":"center center","background-size":"auto","background-attachment":"scroll","background-type":"","background-media":"","overlay-type":"","overlay-color":"","overlay-opacity":"","overlay-gradient":""},"tablet":{"background-color":"var(--ast-global-color-4)","background-image":"","background-repeat":"repeat","background-position":"center center","background-size":"auto","background-attachment":"scroll","background-type":"","background-media":"","overlay-type":"","overlay-color":"","overlay-opacity":"","overlay-gradient":""},"mobile":{"background-color":"var(--ast-global-color-4)","background-image":"","background-repeat":"repeat","background-position":"center center","background-size":"auto","background-attachment":"scroll","background-type":"","background-media":"","overlay-type":"","overlay-color":"","overlay-opacity":"","overlay-gradient":""}},"footnotes":""},"categories":[4],"tags":[42,94,119],"class_list":["post-2774","post","type-post","status-publish","format-standard","has-post-thumbnail","hentry","category-conferencista","tag-5-ensino-de-matematica-e-ciencias-da-natureza","tag-coordenadores-mesas-educon2021","tag-educon2021"],"_links":{"self":[{"href":"https:\/\/coloquioeducon.com\/xvii\/wp-json\/wp\/v2\/posts\/2774","targetHints":{"allow":["GET"]}}],"collection":[{"href":"https:\/\/coloquioeducon.com\/xvii\/wp-json\/wp\/v2\/posts"}],"about":[{"href":"https:\/\/coloquioeducon.com\/xvii\/wp-json\/wp\/v2\/types\/post"}],"author":[{"embeddable":true,"href":"https:\/\/coloquioeducon.com\/xvii\/wp-json\/wp\/v2\/users\/2"}],"replies":[{"embeddable":true,"href":"https:\/\/coloquioeducon.com\/xvii\/wp-json\/wp\/v2\/comments?post=2774"}],"version-history":[{"count":0,"href":"https:\/\/coloquioeducon.com\/xvii\/wp-json\/wp\/v2\/posts\/2774\/revisions"}],"wp:featuredmedia":[{"embeddable":true,"href":"https:\/\/coloquioeducon.com\/xvii\/wp-json\/wp\/v2\/media\/2923"}],"wp:attachment":[{"href":"https:\/\/coloquioeducon.com\/xvii\/wp-json\/wp\/v2\/media?parent=2774"}],"wp:term":[{"taxonomy":"category","embeddable":true,"href":"https:\/\/coloquioeducon.com\/xvii\/wp-json\/wp\/v2\/categories?post=2774"},{"taxonomy":"post_tag","embeddable":true,"href":"https:\/\/coloquioeducon.com\/xvii\/wp-json\/wp\/v2\/tags?post=2774"}],"curies":[{"name":"wp","href":"https:\/\/api.w.org\/{rel}","templated":true}]}}