{"id":2773,"date":"2021-09-12T15:06:56","date_gmt":"2021-09-12T18:06:56","guid":{"rendered":"https:\/\/coloquioeducon.com\/xv\/?p=2773"},"modified":"2021-09-12T15:06:56","modified_gmt":"2021-09-12T18:06:56","slug":"deusa-dafrica","status":"publish","type":"post","link":"https:\/\/coloquioeducon.com\/xvii\/2021\/09\/12\/deusa-dafrica\/","title":{"rendered":"Deusa d\u2019Africa"},"content":{"rendered":"\n<figure class=\"wp-block-pullquote\"><blockquote><p>Nasceu a 05 de Julho de 1988, , \u00e9 mestre em Contabilidade e Auditoria e actualmente \u00e9 professora na Universidade Save e Gestora Financeira do Projecto Global Fund \u2013 Mal\u00e1ria. Come\u00e7ou a escrever poesia em 1999. A autora \u00e9 representada pela ag\u00eancia liter\u00e1ria \u201cCap\u00edtulo Oriental\u201d. Possui v\u00e1rias obras (prosa e poesia) publicadas na imprensa. Viu alguns dos seus trabalhos traduzidos para sueco. \u00c9 autora de obras como \u201cA Voz das Minhas Entranhas\u201d (poesia) editado pelo Fundac em 2014, o romance \u201cEquidade no Reino Celestial\u201d e \u201cAo Encontro da Vida ou da Morte\u201d (poesia) pela Editora de letras de Angola em 2014. Coordenou a Antologia po\u00e9tica \u201cVozes do Hiterland\u201d publicando escritores de Gaza e Niassa, editada pela Editora de Letras de Angola em 2016. Em 2016 foi Coordenadora para Mo\u00e7ambique da Antologia editada em Galiza \u201cGaliza-Mo\u00e7ambique: Numa Linguagem e Numa Sinfonia\u201d publicando escritores de Mo\u00e7ambique e Galiza.<br>Foi distinguida pelo Governo Provincial de Gaza como Personalidade do ano 2016 em reconhecimento do seu patriotismo e pela sua contribui\u00e7\u00e3o no desenvolvimento e promo\u00e7\u00e3o das artes e cultura.<br>Foi premiada como vencedora absoluta na modalidade de poesia, recebeu men\u00e7\u00e3o honrosa pelo livro \u201cA Voz das minhas entranhas\u201d e foi vencedora do segundo lugar em contos nos Concursos Liter\u00e1rios Internacionais lan\u00e7ados na Rep\u00fablica Federativa do Brasil por Alpas XXI em 2012.<br>Em Mar\u00e7o de 2017 representou Mo\u00e7ambique no Festival Liter\u00e1rio de Macau.<br>Escreveu o hino para o festival nacional de jogos escolares e desportivos em Mo\u00e7ambique em 2017.<br>Em 2018 foi antologiada pelo Festival Liter\u00e1rio de Macau \u201cSeis em ponto, contos e outros escritos VI, traduzido em ingl\u00eas \u201cSix on the dot, short stories and other writings VI\u201d e depois traduzido em chin\u00eas. Ainda em 2017 foi antologiada em \u201c\u00c0 Margem da Literatura\u201d pela UCCLA.<br>Em Julho de 2019 participou no Festival Internacional Poetas d\u00b4Alma em Maputo.Em Maio de 2020 coordenou a antologia po\u00e9tica \u201cFique em Casa, Amor\u201d publicando todos autores de Xitende.<br>Em Julho de 2020 coordenou a antologia em prosa \u201c19 Cartas para Covid 19\u201d publicando 19 autores de Xitende.<br>Participou no encontro internacional \u201cPoemas e Poetas de Macau\u201d no dia 12 de Julho de 2020 pela live no zoom, organizado pela funda\u00e7\u00e3o Rui Cunha, um poema na vila e amigos do livro de Macau.<br>Ministrou a confer\u00eancia sobre \u201cPoesia e Feminismo\u201d por meio de Live na rede social Instagram, aos 16 de Julho de 2020 contribuindo para as atividades do Grupo de Pesquisa MOZA (Mo\u00e7ambique e Africanidades), credenciado pela Universidade Federal da Para\u00edba (UFPB, Brasil) e certificado pelo CNPq ( Conselho Nacional de Pesquisa, Brasil).<br>Foi palestrante no ciclo de lives sobre literaturas africanas: LITER\u00c0FRICA EM REDE com o tema \u201cDeusa d\u00b4Africa: Vida e Obra\u201d aos 30 de agosto de 2020.<br>Participou no I Col\u00f3quio Internacional de Literatura \u201cBaob\u00e1 em Flor\u201d em novembro de 2020, organizado pela Universidade Federal da Para\u00edba (UFPB, Brasil).<br>Foi palestrante no ciclo de lives da Prof. Dra. Mauren com o tema \u201cA escrita de Deusa d\u00b4Africa\u201d no dia 03 de Marco de 2021.<br>Tem feito palestras sobre a sua escrita e seus livros para com estudantes de universidades brasileiras.<\/p><\/blockquote><\/figure>\n\n\n\n<ul class=\"wp-block-list\"><li>Pa\u00eds: Mocambique<\/li><li>Institui\u00e7\u00e3o: Universidade do Save<\/li><li>Redes sociais: Facebook: Deusadafrica Dafrica; Facebook: Deuza Dafrica; Instagram: deusa_dafrica<\/li><li>Outras informa\u00e7\u00f5es: Trabalho como Professora ha 9 anos. Sou Activista Cultural e Social. Palestrante.<\/li><li>Participa\u00e7\u00e3o: Conferencista<\/li><li>Mesa Redonda Internacional: Literatura Mo\u00e7ambicana: Am\u00e1lgama de Temas, Conhecimentos, Saberes, Conquistas..<\/li><li>Data: 23\/09\/2021<\/li><li>Hor\u00e1rio: 17h00-18h30<\/li><li>Eixo: 6 Neuroeduca\u00e7\u00e3o, Ensino de Ci\u00eancias Humanas e Sociais e Linguagem<\/li><\/ul>\n","protected":false},"excerpt":{"rendered":"<p>Nasceu a 05 de Julho de 1988, , \u00e9 mestre em Contabilidade e Auditoria e actualmente \u00e9 professora na Universidade [&hellip;]<\/p>\n","protected":false},"author":2,"featured_media":2920,"comment_status":"open","ping_status":"open","sticky":false,"template":"","format":"standard","meta":{"site-sidebar-layout":"default","site-content-layout":"","ast-site-content-layout":"default","site-content-style":"default","site-sidebar-style":"default","ast-global-header-display":"","ast-banner-title-visibility":"","ast-main-header-display":"","ast-hfb-above-header-display":"","ast-hfb-below-header-display":"","ast-hfb-mobile-header-display":"","site-post-title":"","ast-breadcrumbs-content":"","ast-featured-img":"","footer-sml-layout":"","theme-transparent-header-meta":"","adv-header-id-meta":"","stick-header-meta":"","header-above-stick-meta":"","header-main-stick-meta":"","header-below-stick-meta":"","astra-migrate-meta-layouts":"default","ast-page-background-enabled":"default","ast-page-background-meta":{"desktop":{"background-color":"var(--ast-global-color-5)","background-image":"","background-repeat":"repeat","background-position":"center center","background-size":"auto","background-attachment":"scroll","background-type":"","background-media":"","overlay-type":"","overlay-color":"","overlay-opacity":"","overlay-gradient":""},"tablet":{"background-color":"","background-image":"","background-repeat":"repeat","background-position":"center center","background-size":"auto","background-attachment":"scroll","background-type":"","background-media":"","overlay-type":"","overlay-color":"","overlay-opacity":"","overlay-gradient":""},"mobile":{"background-color":"","background-image":"","background-repeat":"repeat","background-position":"center center","background-size":"auto","background-attachment":"scroll","background-type":"","background-media":"","overlay-type":"","overlay-color":"","overlay-opacity":"","overlay-gradient":""}},"ast-content-background-meta":{"desktop":{"background-color":"var(--ast-global-color-4)","background-image":"","background-repeat":"repeat","background-position":"center center","background-size":"auto","background-attachment":"scroll","background-type":"","background-media":"","overlay-type":"","overlay-color":"","overlay-opacity":"","overlay-gradient":""},"tablet":{"background-color":"var(--ast-global-color-4)","background-image":"","background-repeat":"repeat","background-position":"center center","background-size":"auto","background-attachment":"scroll","background-type":"","background-media":"","overlay-type":"","overlay-color":"","overlay-opacity":"","overlay-gradient":""},"mobile":{"background-color":"var(--ast-global-color-4)","background-image":"","background-repeat":"repeat","background-position":"center center","background-size":"auto","background-attachment":"scroll","background-type":"","background-media":"","overlay-type":"","overlay-color":"","overlay-opacity":"","overlay-gradient":""}},"footnotes":""},"categories":[4],"tags":[43,90,119],"class_list":["post-2773","post","type-post","status-publish","format-standard","has-post-thumbnail","hentry","category-conferencista","tag-6-neuroeducacao-ensino-de-ciencias-humanas-e-sociais-e-linguagem","tag-conferencista-educon2021","tag-educon2021"],"_links":{"self":[{"href":"https:\/\/coloquioeducon.com\/xvii\/wp-json\/wp\/v2\/posts\/2773","targetHints":{"allow":["GET"]}}],"collection":[{"href":"https:\/\/coloquioeducon.com\/xvii\/wp-json\/wp\/v2\/posts"}],"about":[{"href":"https:\/\/coloquioeducon.com\/xvii\/wp-json\/wp\/v2\/types\/post"}],"author":[{"embeddable":true,"href":"https:\/\/coloquioeducon.com\/xvii\/wp-json\/wp\/v2\/users\/2"}],"replies":[{"embeddable":true,"href":"https:\/\/coloquioeducon.com\/xvii\/wp-json\/wp\/v2\/comments?post=2773"}],"version-history":[{"count":0,"href":"https:\/\/coloquioeducon.com\/xvii\/wp-json\/wp\/v2\/posts\/2773\/revisions"}],"wp:featuredmedia":[{"embeddable":true,"href":"https:\/\/coloquioeducon.com\/xvii\/wp-json\/wp\/v2\/media\/2920"}],"wp:attachment":[{"href":"https:\/\/coloquioeducon.com\/xvii\/wp-json\/wp\/v2\/media?parent=2773"}],"wp:term":[{"taxonomy":"category","embeddable":true,"href":"https:\/\/coloquioeducon.com\/xvii\/wp-json\/wp\/v2\/categories?post=2773"},{"taxonomy":"post_tag","embeddable":true,"href":"https:\/\/coloquioeducon.com\/xvii\/wp-json\/wp\/v2\/tags?post=2773"}],"curies":[{"name":"wp","href":"https:\/\/api.w.org\/{rel}","templated":true}]}}