{"id":2770,"date":"2021-09-12T15:05:55","date_gmt":"2021-09-12T18:05:55","guid":{"rendered":"https:\/\/coloquioeducon.com\/xv\/?p=2770"},"modified":"2021-09-12T15:05:55","modified_gmt":"2021-09-12T18:05:55","slug":"claudia-fernanda-de-melo-teixeira","status":"publish","type":"post","link":"https:\/\/coloquioeducon.com\/xvii\/2021\/09\/12\/claudia-fernanda-de-melo-teixeira\/","title":{"rendered":"Cl\u00e1udia Fernanda de Melo Teixeira"},"content":{"rendered":"\n<figure class=\"wp-block-pullquote\"><blockquote><p><strong>Pedagoga e Psicopedagoga. Doutorado e Mestrado em Desenvolvimento e Meio Ambiente (PRODEMA- UFS). Especializa\u00e7\u00e3o em Gest\u00e3o de Pessoas, Gest\u00e3o Escolar e Metodologia do Ensino Superior. Professora visitante da Universidade de Pernambuco (desde 2002) e professora efetiva da FACIGA\/AESGA &#8211; Autarquia de Ensino Superior de Garanhuns (desde 2003). Coordenadora Acad\u00eamica da P\u00f3s-Gradua\u00e7\u00e3o da FACIGA\/AESGA e Supervisora Pedag\u00f3gica da Rede Damas &#8211; Educa\u00e7\u00e3o B\u00e1sica. Participante do Grupo de Pesquisa do CNPq: GPFIMA &#8211; Grupo de Pesquisa, Forma\u00e7\u00e3o, Interdisciplinaridade e Meio Ambiente (UFS).<\/strong><\/p><\/blockquote><\/figure>\n\n\n\n<ul class=\"wp-block-list\"><li>Pa\u00eds: BRASIL<\/li><li>Institui\u00e7\u00e3o: Universidade de Pernambuco<\/li><li>Orcid: https:\/\/orcid.org\/0000-0003-1431-1734<\/li><li>Lattes: http:\/\/lattes.cnpq.br\/7904301217295941<\/li><li>Participa\u00e7\u00e3o: Conferencista<\/li><li>Mesa Redonda Nacional: Educa\u00e7\u00e3o Escolar no Contexto da Pandemia.<\/li><li>Data: 23\/09\/2021<\/li><li>Hor\u00e1rio: 17h00-18h30<\/li><li>Eixo: 3 Educa\u00e7\u00e3o, Sociedade e Pr\u00e1ticas Educativas<\/li><\/ul>\n","protected":false},"excerpt":{"rendered":"<p>Pedagoga e Psicopedagoga. Doutorado e Mestrado em Desenvolvimento e Meio Ambiente (PRODEMA- UFS). Especializa\u00e7\u00e3o em Gest\u00e3o de Pessoas, Gest\u00e3o Escolar [&hellip;]<\/p>\n","protected":false},"author":2,"featured_media":2911,"comment_status":"open","ping_status":"open","sticky":false,"template":"","format":"standard","meta":{"site-sidebar-layout":"default","site-content-layout":"","ast-site-content-layout":"default","site-content-style":"default","site-sidebar-style":"default","ast-global-header-display":"","ast-banner-title-visibility":"","ast-main-header-display":"","ast-hfb-above-header-display":"","ast-hfb-below-header-display":"","ast-hfb-mobile-header-display":"","site-post-title":"","ast-breadcrumbs-content":"","ast-featured-img":"","footer-sml-layout":"","theme-transparent-header-meta":"","adv-header-id-meta":"","stick-header-meta":"","header-above-stick-meta":"","header-main-stick-meta":"","header-below-stick-meta":"","astra-migrate-meta-layouts":"default","ast-page-background-enabled":"default","ast-page-background-meta":{"desktop":{"background-color":"var(--ast-global-color-5)","background-image":"","background-repeat":"repeat","background-position":"center center","background-size":"auto","background-attachment":"scroll","background-type":"","background-media":"","overlay-type":"","overlay-color":"","overlay-opacity":"","overlay-gradient":""},"tablet":{"background-color":"","background-image":"","background-repeat":"repeat","background-position":"center center","background-size":"auto","background-attachment":"scroll","background-type":"","background-media":"","overlay-type":"","overlay-color":"","overlay-opacity":"","overlay-gradient":""},"mobile":{"background-color":"","background-image":"","background-repeat":"repeat","background-position":"center center","background-size":"auto","background-attachment":"scroll","background-type":"","background-media":"","overlay-type":"","overlay-color":"","overlay-opacity":"","overlay-gradient":""}},"ast-content-background-meta":{"desktop":{"background-color":"var(--ast-global-color-4)","background-image":"","background-repeat":"repeat","background-position":"center center","background-size":"auto","background-attachment":"scroll","background-type":"","background-media":"","overlay-type":"","overlay-color":"","overlay-opacity":"","overlay-gradient":""},"tablet":{"background-color":"var(--ast-global-color-4)","background-image":"","background-repeat":"repeat","background-position":"center center","background-size":"auto","background-attachment":"scroll","background-type":"","background-media":"","overlay-type":"","overlay-color":"","overlay-opacity":"","overlay-gradient":""},"mobile":{"background-color":"var(--ast-global-color-4)","background-image":"","background-repeat":"repeat","background-position":"center center","background-size":"auto","background-attachment":"scroll","background-type":"","background-media":"","overlay-type":"","overlay-color":"","overlay-opacity":"","overlay-gradient":""}},"footnotes":""},"categories":[4],"tags":[39,90,119],"class_list":["post-2770","post","type-post","status-publish","format-standard","has-post-thumbnail","hentry","category-conferencista","tag-3-educacao-sociedade-e-praticas-educativas","tag-conferencista-educon2021","tag-educon2021"],"_links":{"self":[{"href":"https:\/\/coloquioeducon.com\/xvii\/wp-json\/wp\/v2\/posts\/2770","targetHints":{"allow":["GET"]}}],"collection":[{"href":"https:\/\/coloquioeducon.com\/xvii\/wp-json\/wp\/v2\/posts"}],"about":[{"href":"https:\/\/coloquioeducon.com\/xvii\/wp-json\/wp\/v2\/types\/post"}],"author":[{"embeddable":true,"href":"https:\/\/coloquioeducon.com\/xvii\/wp-json\/wp\/v2\/users\/2"}],"replies":[{"embeddable":true,"href":"https:\/\/coloquioeducon.com\/xvii\/wp-json\/wp\/v2\/comments?post=2770"}],"version-history":[{"count":0,"href":"https:\/\/coloquioeducon.com\/xvii\/wp-json\/wp\/v2\/posts\/2770\/revisions"}],"wp:featuredmedia":[{"embeddable":true,"href":"https:\/\/coloquioeducon.com\/xvii\/wp-json\/wp\/v2\/media\/2911"}],"wp:attachment":[{"href":"https:\/\/coloquioeducon.com\/xvii\/wp-json\/wp\/v2\/media?parent=2770"}],"wp:term":[{"taxonomy":"category","embeddable":true,"href":"https:\/\/coloquioeducon.com\/xvii\/wp-json\/wp\/v2\/categories?post=2770"},{"taxonomy":"post_tag","embeddable":true,"href":"https:\/\/coloquioeducon.com\/xvii\/wp-json\/wp\/v2\/tags?post=2770"}],"curies":[{"name":"wp","href":"https:\/\/api.w.org\/{rel}","templated":true}]}}