{"id":2749,"date":"2021-09-12T15:02:04","date_gmt":"2021-09-12T18:02:04","guid":{"rendered":"https:\/\/coloquioeducon.com\/xv\/?p=2749"},"modified":"2021-09-12T15:02:04","modified_gmt":"2021-09-12T18:02:04","slug":"leliana-santos-de-sousa","status":"publish","type":"post","link":"https:\/\/coloquioeducon.com\/xvii\/2021\/09\/12\/leliana-santos-de-sousa\/","title":{"rendered":"Leliana Santos de Sousa"},"content":{"rendered":"\n<figure class=\"wp-block-pullquote\"><blockquote><p><strong>Professora da Universidade do Estado da Bahia-UNEB. Doutora em Ci\u00eancias da<\/strong><\/p><p><strong>Educa\u00e7\u00e3o pela Universit\u00e9 Vincennes Saint-Denis Paris 8 &#8211; Fran\u00e7a. Mestre em Educa\u00e7\u00e3o<\/strong><\/p><p><strong>Universidade Federal da Bahia (UFBA) Licenciada em Ci\u00eancias. Pedagoga.<\/strong><\/p><p><strong>Arteterapeuta Junguiana. Idealizadora do Centro de Pesquisa em Educa\u00e7\u00e3o e<\/strong><\/p><p><strong>Desenvolvimento Regional (CPEDR) da UNEB. Coordenadora da S\u00e9rie Educa\u00e7\u00e3o e<\/strong><\/p><p><strong>Desenvolvimento Regional do CPEDR\/UNEB. Membro do RETINA Internacional Recherches Esth\u00e9tiques &amp; Th\u00e9oretiques sur les images Nouvelles et Anciennes. L\u00edder<\/strong><\/p><p><strong>do Grupo de pesquisa Educa\u00e7\u00e3o, Etnicidade e Desenvolvimento Regional<\/strong><\/p><p><strong>(GEEDR\/UNEB\/CNPq). Integra o quadro docente do Doutorado Multiinstitucional e<\/strong><\/p><p><strong>Multirreferencial em Difus\u00e3o do Conhecimento (DMMDC) e do Mestrado em Educa\u00e7\u00e3o<\/strong><\/p><p><strong>de Jovens e Adultos (MPEJA).<\/strong><\/p><\/blockquote><\/figure>\n\n\n\n<ul class=\"wp-block-list\"><li>Pa\u00eds: Brasil<\/li><li>Institui\u00e7\u00e3o: Universidade do Estado da Bahia-UNEB<\/li><li>Participa\u00e7\u00e3o: Coordenadora<\/li><li>Mesa-redonda Nacional: Contemporaneidades culturais ind\u00edgenas: mem\u00f3rias, hist\u00f3rias, saberes e<\/li><li>pr\u00e1ticas.<\/li><li>Data: 24\/09\/2021<\/li><li>Hor\u00e1rio: 15h30-17h<\/li><li>Eixo: 1 Pol\u00edticas P\u00fablicas para a Educa\u00e7\u00e3o B\u00e1sica, Diversidade \u00c9tnico-racial e Legisla\u00e7\u00e3o Educacional<\/li><\/ul>\n","protected":false},"excerpt":{"rendered":"<p>Professora da Universidade do Estado da Bahia-UNEB. Doutora em Ci\u00eancias da Educa\u00e7\u00e3o pela Universit\u00e9 Vincennes Saint-Denis Paris 8 &#8211; Fran\u00e7a. [&hellip;]<\/p>\n","protected":false},"author":2,"featured_media":3170,"comment_status":"open","ping_status":"open","sticky":false,"template":"","format":"standard","meta":{"site-sidebar-layout":"default","site-content-layout":"","ast-site-content-layout":"default","site-content-style":"default","site-sidebar-style":"default","ast-global-header-display":"","ast-banner-title-visibility":"","ast-main-header-display":"","ast-hfb-above-header-display":"","ast-hfb-below-header-display":"","ast-hfb-mobile-header-display":"","site-post-title":"","ast-breadcrumbs-content":"","ast-featured-img":"","footer-sml-layout":"","theme-transparent-header-meta":"","adv-header-id-meta":"","stick-header-meta":"","header-above-stick-meta":"","header-main-stick-meta":"","header-below-stick-meta":"","astra-migrate-meta-layouts":"default","ast-page-background-enabled":"default","ast-page-background-meta":{"desktop":{"background-color":"var(--ast-global-color-5)","background-image":"","background-repeat":"repeat","background-position":"center center","background-size":"auto","background-attachment":"scroll","background-type":"","background-media":"","overlay-type":"","overlay-color":"","overlay-opacity":"","overlay-gradient":""},"tablet":{"background-color":"","background-image":"","background-repeat":"repeat","background-position":"center center","background-size":"auto","background-attachment":"scroll","background-type":"","background-media":"","overlay-type":"","overlay-color":"","overlay-opacity":"","overlay-gradient":""},"mobile":{"background-color":"","background-image":"","background-repeat":"repeat","background-position":"center center","background-size":"auto","background-attachment":"scroll","background-type":"","background-media":"","overlay-type":"","overlay-color":"","overlay-opacity":"","overlay-gradient":""}},"ast-content-background-meta":{"desktop":{"background-color":"var(--ast-global-color-4)","background-image":"","background-repeat":"repeat","background-position":"center center","background-size":"auto","background-attachment":"scroll","background-type":"","background-media":"","overlay-type":"","overlay-color":"","overlay-opacity":"","overlay-gradient":""},"tablet":{"background-color":"var(--ast-global-color-4)","background-image":"","background-repeat":"repeat","background-position":"center center","background-size":"auto","background-attachment":"scroll","background-type":"","background-media":"","overlay-type":"","overlay-color":"","overlay-opacity":"","overlay-gradient":""},"mobile":{"background-color":"var(--ast-global-color-4)","background-image":"","background-repeat":"repeat","background-position":"center center","background-size":"auto","background-attachment":"scroll","background-type":"","background-media":"","overlay-type":"","overlay-color":"","overlay-opacity":"","overlay-gradient":""}},"footnotes":""},"categories":[5],"tags":[12,90,119],"class_list":["post-2749","post","type-post","status-publish","format-standard","has-post-thumbnail","hentry","category-coordenadores-de-mesas","tag-1-politicas-publicas-para-a-educacao-basica-diversidade-etnico-racial-e-legislacao-educacional","tag-conferencista-educon2021","tag-educon2021"],"_links":{"self":[{"href":"https:\/\/coloquioeducon.com\/xvii\/wp-json\/wp\/v2\/posts\/2749","targetHints":{"allow":["GET"]}}],"collection":[{"href":"https:\/\/coloquioeducon.com\/xvii\/wp-json\/wp\/v2\/posts"}],"about":[{"href":"https:\/\/coloquioeducon.com\/xvii\/wp-json\/wp\/v2\/types\/post"}],"author":[{"embeddable":true,"href":"https:\/\/coloquioeducon.com\/xvii\/wp-json\/wp\/v2\/users\/2"}],"replies":[{"embeddable":true,"href":"https:\/\/coloquioeducon.com\/xvii\/wp-json\/wp\/v2\/comments?post=2749"}],"version-history":[{"count":0,"href":"https:\/\/coloquioeducon.com\/xvii\/wp-json\/wp\/v2\/posts\/2749\/revisions"}],"wp:featuredmedia":[{"embeddable":true,"href":"https:\/\/coloquioeducon.com\/xvii\/wp-json\/wp\/v2\/media\/3170"}],"wp:attachment":[{"href":"https:\/\/coloquioeducon.com\/xvii\/wp-json\/wp\/v2\/media?parent=2749"}],"wp:term":[{"taxonomy":"category","embeddable":true,"href":"https:\/\/coloquioeducon.com\/xvii\/wp-json\/wp\/v2\/categories?post=2749"},{"taxonomy":"post_tag","embeddable":true,"href":"https:\/\/coloquioeducon.com\/xvii\/wp-json\/wp\/v2\/tags?post=2749"}],"curies":[{"name":"wp","href":"https:\/\/api.w.org\/{rel}","templated":true}]}}