{"id":2720,"date":"2021-09-12T14:59:20","date_gmt":"2021-09-12T17:59:20","guid":{"rendered":"https:\/\/coloquioeducon.com\/xv\/?p=2720"},"modified":"2021-09-12T14:59:20","modified_gmt":"2021-09-12T17:59:20","slug":"marcos-roberto-so","status":"publish","type":"post","link":"https:\/\/coloquioeducon.com\/xvii\/2021\/09\/12\/marcos-roberto-so\/","title":{"rendered":"Marcos Roberto So"},"content":{"rendered":"\n<figure class=\"wp-block-pullquote\"><blockquote><p><strong>Professor dos cursos de Licenciatura e Bacharelado em Educa\u00e7\u00e3o F\u00edsica do IFSULDEMINAS &#8211; C\u00e2mpus Muzambinho. Professor de Educa\u00e7\u00e3o F\u00edsica no Ensino M\u00e9dio T\u00e9cnico da mesma institui\u00e7\u00e3o. Mestre em Educa\u00e7\u00e3o pela Universidade Estadual Paulista (UNESP, Presidente Prudente\/SP). Licenciado e Bacharel em Educa\u00e7\u00e3o F\u00edsica pela Universidade Estadual Paulista (UNESP, Bauru\/SP). Atualmente \u00e9 estudante de Doutorado em Educa\u00e7\u00e3o F\u00edsica da Universidade Estadual de Campinas.<\/strong><\/p><\/blockquote><\/figure>\n\n\n\n<ul class=\"wp-block-list\"><li>Pa\u00eds: Brasil<\/li><li>Institui\u00e7\u00e3o: Instituto Federal de Educa\u00e7\u00e3o, Ci\u00eancia e Tecnologia do Sul de Minas Gerais (IFSULDEMINAS) e Universidade Estadual de Campinas (UNICAMP).<\/li><li>Orcid: https:\/\/orcid.org\/0000-0003-2338-3481<\/li><li>Lattes: http:\/\/lattes.cnpq.br\/4778679214675032<\/li><li>Redes sociais: https:\/\/www.researchgate.net\/profile\/Marcos-So<\/li><li>Participa\u00e7\u00e3o: Conferencista<\/li><li>Mesa-redonda Nacional: A Rela\u00e7\u00e3o com o Saber e a Educa\u00e7\u00e3o F\u00edsica Escolar Brasileira: Aproxima\u00e7\u00f5es, Caminhos e Di\u00e1logos.<\/li><li>Data: 23\/09\/2021<\/li><li>Hor\u00e1rio: 20h30-22h00<\/li><li>Eixo: 9 Rela\u00e7\u00e3o com o Saber<\/li><\/ul>\n","protected":false},"excerpt":{"rendered":"<p>Professor dos cursos de Licenciatura e Bacharelado em Educa\u00e7\u00e3o F\u00edsica do IFSULDEMINAS &#8211; C\u00e2mpus Muzambinho. Professor de Educa\u00e7\u00e3o F\u00edsica no [&hellip;]<\/p>\n","protected":false},"author":2,"featured_media":2971,"comment_status":"open","ping_status":"open","sticky":false,"template":"","format":"standard","meta":{"site-sidebar-layout":"default","site-content-layout":"","ast-site-content-layout":"default","site-content-style":"default","site-sidebar-style":"default","ast-global-header-display":"","ast-banner-title-visibility":"","ast-main-header-display":"","ast-hfb-above-header-display":"","ast-hfb-below-header-display":"","ast-hfb-mobile-header-display":"","site-post-title":"","ast-breadcrumbs-content":"","ast-featured-img":"","footer-sml-layout":"","theme-transparent-header-meta":"","adv-header-id-meta":"","stick-header-meta":"","header-above-stick-meta":"","header-main-stick-meta":"","header-below-stick-meta":"","astra-migrate-meta-layouts":"default","ast-page-background-enabled":"default","ast-page-background-meta":{"desktop":{"background-color":"var(--ast-global-color-5)","background-image":"","background-repeat":"repeat","background-position":"center center","background-size":"auto","background-attachment":"scroll","background-type":"","background-media":"","overlay-type":"","overlay-color":"","overlay-opacity":"","overlay-gradient":""},"tablet":{"background-color":"","background-image":"","background-repeat":"repeat","background-position":"center center","background-size":"auto","background-attachment":"scroll","background-type":"","background-media":"","overlay-type":"","overlay-color":"","overlay-opacity":"","overlay-gradient":""},"mobile":{"background-color":"","background-image":"","background-repeat":"repeat","background-position":"center center","background-size":"auto","background-attachment":"scroll","background-type":"","background-media":"","overlay-type":"","overlay-color":"","overlay-opacity":"","overlay-gradient":""}},"ast-content-background-meta":{"desktop":{"background-color":"var(--ast-global-color-4)","background-image":"","background-repeat":"repeat","background-position":"center center","background-size":"auto","background-attachment":"scroll","background-type":"","background-media":"","overlay-type":"","overlay-color":"","overlay-opacity":"","overlay-gradient":""},"tablet":{"background-color":"var(--ast-global-color-4)","background-image":"","background-repeat":"repeat","background-position":"center center","background-size":"auto","background-attachment":"scroll","background-type":"","background-media":"","overlay-type":"","overlay-color":"","overlay-opacity":"","overlay-gradient":""},"mobile":{"background-color":"var(--ast-global-color-4)","background-image":"","background-repeat":"repeat","background-position":"center center","background-size":"auto","background-attachment":"scroll","background-type":"","background-media":"","overlay-type":"","overlay-color":"","overlay-opacity":"","overlay-gradient":""}},"footnotes":""},"categories":[4],"tags":[47,90,119],"class_list":["post-2720","post","type-post","status-publish","format-standard","has-post-thumbnail","hentry","category-conferencista","tag-9-relacao-com-o-saber","tag-conferencista-educon2021","tag-educon2021"],"_links":{"self":[{"href":"https:\/\/coloquioeducon.com\/xvii\/wp-json\/wp\/v2\/posts\/2720","targetHints":{"allow":["GET"]}}],"collection":[{"href":"https:\/\/coloquioeducon.com\/xvii\/wp-json\/wp\/v2\/posts"}],"about":[{"href":"https:\/\/coloquioeducon.com\/xvii\/wp-json\/wp\/v2\/types\/post"}],"author":[{"embeddable":true,"href":"https:\/\/coloquioeducon.com\/xvii\/wp-json\/wp\/v2\/users\/2"}],"replies":[{"embeddable":true,"href":"https:\/\/coloquioeducon.com\/xvii\/wp-json\/wp\/v2\/comments?post=2720"}],"version-history":[{"count":0,"href":"https:\/\/coloquioeducon.com\/xvii\/wp-json\/wp\/v2\/posts\/2720\/revisions"}],"wp:featuredmedia":[{"embeddable":true,"href":"https:\/\/coloquioeducon.com\/xvii\/wp-json\/wp\/v2\/media\/2971"}],"wp:attachment":[{"href":"https:\/\/coloquioeducon.com\/xvii\/wp-json\/wp\/v2\/media?parent=2720"}],"wp:term":[{"taxonomy":"category","embeddable":true,"href":"https:\/\/coloquioeducon.com\/xvii\/wp-json\/wp\/v2\/categories?post=2720"},{"taxonomy":"post_tag","embeddable":true,"href":"https:\/\/coloquioeducon.com\/xvii\/wp-json\/wp\/v2\/tags?post=2720"}],"curies":[{"name":"wp","href":"https:\/\/api.w.org\/{rel}","templated":true}]}}