{"id":2718,"date":"2021-09-12T14:58:48","date_gmt":"2021-09-12T17:58:48","guid":{"rendered":"https:\/\/coloquioeducon.com\/xv\/?p=2718"},"modified":"2021-09-12T14:58:48","modified_gmt":"2021-09-12T17:58:48","slug":"margarida-teles","status":"publish","type":"post","link":"https:\/\/coloquioeducon.com\/xvii\/2021\/09\/12\/margarida-teles\/","title":{"rendered":"Margarida Teles"},"content":{"rendered":"\n<figure class=\"wp-block-pullquote\"><blockquote><p><strong>Mestre em Educa\u00e7\u00e3o pela UFS(2013);P\u00f3s-Graduada em: Arte educa\u00e7\u00e3o\/EBA\/UFBA, 2018; Psicomotricidade\/ UFS(1998); Atendimento Educacional Especializado-AEE \/UFC; (2012); Professor para ensino de Pessoas Surdas\/ INES\/RJ; Pedagoga\/Cultura Pio D\u00e9cimo S\/C Ltda (1988). Diretor de Departamento de Educa\u00e7\u00e3o B\u00e1sica, Decreto 11\/02\/2003, para Coordenar o Centro de Apoio Pedag\u00f3gico para Deficientes Visuais (2003-2008); Professora titular da Universidade Federal de Sergipe das Disciplina LIBRAS-L\u00edngua Brasileira de Sinais, Arte educa\u00e7\u00e3o e Educa\u00e7\u00e3o Inclusiva, Est\u00e1gio; Coordenou a Disciplina LIBRAS\/CESAD-2013).<\/strong><\/p><\/blockquote><\/figure>\n\n\n\n<ul class=\"wp-block-list\"><li>Pa\u00eds: Brasil<\/li><li>Institui\u00e7\u00e3o: Universidade Federal de Sergipe<\/li><li>Lattes: http:\/\/lattes.cnpq.br\/8994695456968392<\/li><li>Redes sociais: MARGARIDA MARIA TELES TELES<\/li><li>Outras informa\u00e7\u00f5es: Chefe do Departamento de Educa\u00e7\u00e3o \/UFS<\/li><li>Participa\u00e7\u00e3o: Coordenadora<\/li><li>Mesa Redonda Nacional: Educa\u00e7\u00e3o E inclus\u00c3O<\/li><li>Data: 23\/09\/2021<\/li><li>Hor\u00e1rio: 19h00-20h30<\/li><li>Eixo: 2 Educa\u00e7\u00e3o Inclusiva e Educa\u00e7\u00e3o Especial<\/li><\/ul>\n","protected":false},"excerpt":{"rendered":"<p>Mestre em Educa\u00e7\u00e3o pela UFS(2013);P\u00f3s-Graduada em: Arte educa\u00e7\u00e3o\/EBA\/UFBA, 2018; Psicomotricidade\/ UFS(1998); Atendimento Educacional Especializado-AEE \/UFC; (2012); Professor para ensino de [&hellip;]<\/p>\n","protected":false},"author":2,"featured_media":3128,"comment_status":"open","ping_status":"open","sticky":false,"template":"","format":"standard","meta":{"site-sidebar-layout":"default","site-content-layout":"","ast-site-content-layout":"default","site-content-style":"default","site-sidebar-style":"default","ast-global-header-display":"","ast-banner-title-visibility":"","ast-main-header-display":"","ast-hfb-above-header-display":"","ast-hfb-below-header-display":"","ast-hfb-mobile-header-display":"","site-post-title":"","ast-breadcrumbs-content":"","ast-featured-img":"","footer-sml-layout":"","theme-transparent-header-meta":"","adv-header-id-meta":"","stick-header-meta":"","header-above-stick-meta":"","header-main-stick-meta":"","header-below-stick-meta":"","astra-migrate-meta-layouts":"default","ast-page-background-enabled":"default","ast-page-background-meta":{"desktop":{"background-color":"var(--ast-global-color-5)","background-image":"","background-repeat":"repeat","background-position":"center center","background-size":"auto","background-attachment":"scroll","background-type":"","background-media":"","overlay-type":"","overlay-color":"","overlay-opacity":"","overlay-gradient":""},"tablet":{"background-color":"","background-image":"","background-repeat":"repeat","background-position":"center center","background-size":"auto","background-attachment":"scroll","background-type":"","background-media":"","overlay-type":"","overlay-color":"","overlay-opacity":"","overlay-gradient":""},"mobile":{"background-color":"","background-image":"","background-repeat":"repeat","background-position":"center center","background-size":"auto","background-attachment":"scroll","background-type":"","background-media":"","overlay-type":"","overlay-color":"","overlay-opacity":"","overlay-gradient":""}},"ast-content-background-meta":{"desktop":{"background-color":"var(--ast-global-color-4)","background-image":"","background-repeat":"repeat","background-position":"center center","background-size":"auto","background-attachment":"scroll","background-type":"","background-media":"","overlay-type":"","overlay-color":"","overlay-opacity":"","overlay-gradient":""},"tablet":{"background-color":"var(--ast-global-color-4)","background-image":"","background-repeat":"repeat","background-position":"center center","background-size":"auto","background-attachment":"scroll","background-type":"","background-media":"","overlay-type":"","overlay-color":"","overlay-opacity":"","overlay-gradient":""},"mobile":{"background-color":"var(--ast-global-color-4)","background-image":"","background-repeat":"repeat","background-position":"center center","background-size":"auto","background-attachment":"scroll","background-type":"","background-media":"","overlay-type":"","overlay-color":"","overlay-opacity":"","overlay-gradient":""}},"footnotes":""},"categories":[5],"tags":[94,119],"class_list":["post-2718","post","type-post","status-publish","format-standard","has-post-thumbnail","hentry","category-coordenadores-de-mesas","tag-coordenadores-mesas-educon2021","tag-educon2021"],"_links":{"self":[{"href":"https:\/\/coloquioeducon.com\/xvii\/wp-json\/wp\/v2\/posts\/2718","targetHints":{"allow":["GET"]}}],"collection":[{"href":"https:\/\/coloquioeducon.com\/xvii\/wp-json\/wp\/v2\/posts"}],"about":[{"href":"https:\/\/coloquioeducon.com\/xvii\/wp-json\/wp\/v2\/types\/post"}],"author":[{"embeddable":true,"href":"https:\/\/coloquioeducon.com\/xvii\/wp-json\/wp\/v2\/users\/2"}],"replies":[{"embeddable":true,"href":"https:\/\/coloquioeducon.com\/xvii\/wp-json\/wp\/v2\/comments?post=2718"}],"version-history":[{"count":0,"href":"https:\/\/coloquioeducon.com\/xvii\/wp-json\/wp\/v2\/posts\/2718\/revisions"}],"wp:featuredmedia":[{"embeddable":true,"href":"https:\/\/coloquioeducon.com\/xvii\/wp-json\/wp\/v2\/media\/3128"}],"wp:attachment":[{"href":"https:\/\/coloquioeducon.com\/xvii\/wp-json\/wp\/v2\/media?parent=2718"}],"wp:term":[{"taxonomy":"category","embeddable":true,"href":"https:\/\/coloquioeducon.com\/xvii\/wp-json\/wp\/v2\/categories?post=2718"},{"taxonomy":"post_tag","embeddable":true,"href":"https:\/\/coloquioeducon.com\/xvii\/wp-json\/wp\/v2\/tags?post=2718"}],"curies":[{"name":"wp","href":"https:\/\/api.w.org\/{rel}","templated":true}]}}