{"id":2716,"date":"2021-09-12T14:58:11","date_gmt":"2021-09-12T17:58:11","guid":{"rendered":"https:\/\/coloquioeducon.com\/xv\/?p=2716"},"modified":"2021-09-12T14:58:11","modified_gmt":"2021-09-12T17:58:11","slug":"maria-batista-lima","status":"publish","type":"post","link":"https:\/\/coloquioeducon.com\/xvii\/2021\/09\/12\/maria-batista-lima\/","title":{"rendered":"Maria Batista Lima"},"content":{"rendered":"\n<figure class=\"wp-block-pullquote\"><blockquote><p><strong>Lic. em Pedagogia (UFS), mestra em Educa\u00e7\u00e3o pela UERJ e doutora em Educa\u00e7\u00e3o pela PUC-Rio. Prof\u00aa Associada da UFS (Departamento de Educa\u00e7\u00e3o do Campus Itabaiana e Programa de P\u00f3s-Gradua\u00e7\u00e3o em Ensino de Ci\u00eancias e Matem\u00e1tica (PPGECIMA). Pesquisadora do Grupo de Estudos e Pesquisas Identidades e Alteridades: Desigualdades e Diferen\u00e7as na Educa\u00e7\u00e3o(GEPIADDE\/UFS\/CNPq), membro do N\u00facleo de Estudos Afro-brasileiros e Ind\u00edgenas(NEABI\/UFS). Temas de estudos Educa\u00e7\u00e3o, ensino, aprendizagem e forma\u00e7\u00e3o docente com \u00eanfase em Educa\u00e7\u00e3o das Rela\u00e7\u00f5es \u00c9tnico-raciais (ERER), Educa\u00e7\u00e3o Escolar Quilombola (EEQ); Interculturalidade e decolonialidade e educa\u00e7\u00e3o; etnomatem\u00e1tica e da etnoci\u00eancias.<\/strong><\/p><\/blockquote><\/figure>\n\n\n\n<ul class=\"wp-block-list\"><li>Pa\u00eds: Brasil<\/li><li>Institui\u00e7\u00e3o: UNIVERSIDADE FEDERAL DE SERGIPE<\/li><li>Orcid: https:\/\/orcid.org\/0000-0003-4551-0146<\/li><li>Lattes: http:\/\/lattes.cnpq.br\/6354511426624676<\/li><li>Participa\u00e7\u00e3o: Coordenadora<\/li><li>Mesa Redonda Nacional: Saberes e Epistemologias na Perspectiva \u00c9tnico-racial .<\/li><li>Data: 22\/09\/2021<\/li><li>Hor\u00e1rio: 15h30-17h00<\/li><li>Eixo: 1 Pol\u00edticas P\u00fablicas para a Educa\u00e7\u00e3o B\u00e1sica, Diversidade \u00c9tnico-racial e Legisla\u00e7\u00e3o Educacional<\/li><\/ul>\n","protected":false},"excerpt":{"rendered":"<p>Lic. em Pedagogia (UFS), mestra em Educa\u00e7\u00e3o pela UERJ e doutora em Educa\u00e7\u00e3o pela PUC-Rio. Prof\u00aa Associada da UFS (Departamento [&hellip;]<\/p>\n","protected":false},"author":2,"featured_media":3125,"comment_status":"open","ping_status":"open","sticky":false,"template":"","format":"standard","meta":{"site-sidebar-layout":"default","site-content-layout":"","ast-site-content-layout":"default","site-content-style":"default","site-sidebar-style":"default","ast-global-header-display":"","ast-banner-title-visibility":"","ast-main-header-display":"","ast-hfb-above-header-display":"","ast-hfb-below-header-display":"","ast-hfb-mobile-header-display":"","site-post-title":"","ast-breadcrumbs-content":"","ast-featured-img":"","footer-sml-layout":"","theme-transparent-header-meta":"","adv-header-id-meta":"","stick-header-meta":"","header-above-stick-meta":"","header-main-stick-meta":"","header-below-stick-meta":"","astra-migrate-meta-layouts":"default","ast-page-background-enabled":"default","ast-page-background-meta":{"desktop":{"background-color":"var(--ast-global-color-5)","background-image":"","background-repeat":"repeat","background-position":"center center","background-size":"auto","background-attachment":"scroll","background-type":"","background-media":"","overlay-type":"","overlay-color":"","overlay-opacity":"","overlay-gradient":""},"tablet":{"background-color":"","background-image":"","background-repeat":"repeat","background-position":"center center","background-size":"auto","background-attachment":"scroll","background-type":"","background-media":"","overlay-type":"","overlay-color":"","overlay-opacity":"","overlay-gradient":""},"mobile":{"background-color":"","background-image":"","background-repeat":"repeat","background-position":"center center","background-size":"auto","background-attachment":"scroll","background-type":"","background-media":"","overlay-type":"","overlay-color":"","overlay-opacity":"","overlay-gradient":""}},"ast-content-background-meta":{"desktop":{"background-color":"var(--ast-global-color-4)","background-image":"","background-repeat":"repeat","background-position":"center center","background-size":"auto","background-attachment":"scroll","background-type":"","background-media":"","overlay-type":"","overlay-color":"","overlay-opacity":"","overlay-gradient":""},"tablet":{"background-color":"var(--ast-global-color-4)","background-image":"","background-repeat":"repeat","background-position":"center center","background-size":"auto","background-attachment":"scroll","background-type":"","background-media":"","overlay-type":"","overlay-color":"","overlay-opacity":"","overlay-gradient":""},"mobile":{"background-color":"var(--ast-global-color-4)","background-image":"","background-repeat":"repeat","background-position":"center center","background-size":"auto","background-attachment":"scroll","background-type":"","background-media":"","overlay-type":"","overlay-color":"","overlay-opacity":"","overlay-gradient":""}},"footnotes":""},"categories":[5],"tags":[12,90,119],"class_list":["post-2716","post","type-post","status-publish","format-standard","has-post-thumbnail","hentry","category-coordenadores-de-mesas","tag-1-politicas-publicas-para-a-educacao-basica-diversidade-etnico-racial-e-legislacao-educacional","tag-conferencista-educon2021","tag-educon2021"],"_links":{"self":[{"href":"https:\/\/coloquioeducon.com\/xvii\/wp-json\/wp\/v2\/posts\/2716","targetHints":{"allow":["GET"]}}],"collection":[{"href":"https:\/\/coloquioeducon.com\/xvii\/wp-json\/wp\/v2\/posts"}],"about":[{"href":"https:\/\/coloquioeducon.com\/xvii\/wp-json\/wp\/v2\/types\/post"}],"author":[{"embeddable":true,"href":"https:\/\/coloquioeducon.com\/xvii\/wp-json\/wp\/v2\/users\/2"}],"replies":[{"embeddable":true,"href":"https:\/\/coloquioeducon.com\/xvii\/wp-json\/wp\/v2\/comments?post=2716"}],"version-history":[{"count":0,"href":"https:\/\/coloquioeducon.com\/xvii\/wp-json\/wp\/v2\/posts\/2716\/revisions"}],"wp:featuredmedia":[{"embeddable":true,"href":"https:\/\/coloquioeducon.com\/xvii\/wp-json\/wp\/v2\/media\/3125"}],"wp:attachment":[{"href":"https:\/\/coloquioeducon.com\/xvii\/wp-json\/wp\/v2\/media?parent=2716"}],"wp:term":[{"taxonomy":"category","embeddable":true,"href":"https:\/\/coloquioeducon.com\/xvii\/wp-json\/wp\/v2\/categories?post=2716"},{"taxonomy":"post_tag","embeddable":true,"href":"https:\/\/coloquioeducon.com\/xvii\/wp-json\/wp\/v2\/tags?post=2716"}],"curies":[{"name":"wp","href":"https:\/\/api.w.org\/{rel}","templated":true}]}}