{"id":2712,"date":"2021-09-12T14:56:54","date_gmt":"2021-09-12T17:56:54","guid":{"rendered":"https:\/\/coloquioeducon.com\/xv\/?p=2712"},"modified":"2021-09-12T14:56:54","modified_gmt":"2021-09-12T17:56:54","slug":"maria-jose-dantas","status":"publish","type":"post","link":"https:\/\/coloquioeducon.com\/xvii\/2021\/09\/12\/maria-jose-dantas\/","title":{"rendered":"Maria Jos\u00e9 Dantas"},"content":{"rendered":"\n<figure class=\"wp-block-pullquote\"><blockquote><p><strong>Professora do Departamento de Educa\u00e7\u00e3o da Universidade Federal de Sergipe; Doutora em Educa\u00e7\u00e3o pela Universidade Federal de Sergipe (2014); Est\u00e1gio de Doutorado Sandu\u00edche no Istituto Universitario Sophia na It\u00e1lia (2012); Mestre em Educa\u00e7\u00e3o UFS (2008); Gradua\u00e7\u00e3o em Pedagogia &#8211; UFS (1999); Membro da Sociedade Brasileira de Hist\u00f3ria da Educa\u00e7\u00e3o; Membro da Associa\u00e7\u00e3o Brasileira de Pesquisa (Auto)Biogr\u00e1fica; Integrante do grupo de estudos e pesquisas em Hist\u00f3ria da Educa\u00e7\u00e3o: mem\u00f3rias, sujeitos, saberes e pr\u00e1ticas educativas\/UFS; Integrante do Movimento Focolares, com atua\u00e7\u00e3o no setor de forma\u00e7\u00e3o; Tem experi\u00eancia na \u00e1rea de Educa\u00e7\u00e3o, atuando principalmente nos seguintes temas: Alfabetiza\u00e7\u00e3o, Pesquisa, Culturas e Pr\u00e1ticas Escolares, Est\u00e1gio supervisionado, Forma\u00e7\u00e3o Docente, Hist\u00f3ria da Educa\u00e7\u00e3o, Educa\u00e7\u00e3o Religiosa Cat\u00f3lica, Escrita Epistolar, Impressos e Gest\u00e3o Escolar.<\/strong><\/p><\/blockquote><\/figure>\n\n\n\n<ul class=\"wp-block-list\"><li>Pa\u00eds: Brasil<\/li><li>Institui\u00e7\u00e3o: Universidade Federal de Sergipe<\/li><li>Orcid: https:\/\/orcid.org\/0000-0003-1776-4501<\/li><li>Lattes: http:\/\/lattes.cnpq.br\/0750341791335741<\/li><li>Redes sociais: Instagram @dantas_maria18<\/li><li>Participa\u00e7\u00e3o: Coordenadora<\/li><li>Confer\u00eancia Nacional: Conceitos de interesse e experi\u00eancia de Dewey, autoefic\u00e1cia e autorregula\u00e7\u00e3o de Bandura e carga cognitiva de Sweller: implica\u00e7\u00f5es para o Ensino.<\/li><li>Data: 23\/09\/2021<\/li><li>Hor\u00e1rio: 17h00-18h30<\/li><li>Eixo:<\/li><\/ul>\n","protected":false},"excerpt":{"rendered":"<p>Professora do Departamento de Educa\u00e7\u00e3o da Universidade Federal de Sergipe; Doutora em Educa\u00e7\u00e3o pela Universidade Federal de Sergipe (2014); Est\u00e1gio [&hellip;]<\/p>\n","protected":false},"author":2,"featured_media":2982,"comment_status":"open","ping_status":"open","sticky":false,"template":"","format":"standard","meta":{"site-sidebar-layout":"default","site-content-layout":"","ast-site-content-layout":"default","site-content-style":"default","site-sidebar-style":"default","ast-global-header-display":"","ast-banner-title-visibility":"","ast-main-header-display":"","ast-hfb-above-header-display":"","ast-hfb-below-header-display":"","ast-hfb-mobile-header-display":"","site-post-title":"","ast-breadcrumbs-content":"","ast-featured-img":"","footer-sml-layout":"","theme-transparent-header-meta":"","adv-header-id-meta":"","stick-header-meta":"","header-above-stick-meta":"","header-main-stick-meta":"","header-below-stick-meta":"","astra-migrate-meta-layouts":"default","ast-page-background-enabled":"default","ast-page-background-meta":{"desktop":{"background-color":"var(--ast-global-color-5)","background-image":"","background-repeat":"repeat","background-position":"center center","background-size":"auto","background-attachment":"scroll","background-type":"","background-media":"","overlay-type":"","overlay-color":"","overlay-opacity":"","overlay-gradient":""},"tablet":{"background-color":"","background-image":"","background-repeat":"repeat","background-position":"center center","background-size":"auto","background-attachment":"scroll","background-type":"","background-media":"","overlay-type":"","overlay-color":"","overlay-opacity":"","overlay-gradient":""},"mobile":{"background-color":"","background-image":"","background-repeat":"repeat","background-position":"center center","background-size":"auto","background-attachment":"scroll","background-type":"","background-media":"","overlay-type":"","overlay-color":"","overlay-opacity":"","overlay-gradient":""}},"ast-content-background-meta":{"desktop":{"background-color":"var(--ast-global-color-4)","background-image":"","background-repeat":"repeat","background-position":"center center","background-size":"auto","background-attachment":"scroll","background-type":"","background-media":"","overlay-type":"","overlay-color":"","overlay-opacity":"","overlay-gradient":""},"tablet":{"background-color":"var(--ast-global-color-4)","background-image":"","background-repeat":"repeat","background-position":"center center","background-size":"auto","background-attachment":"scroll","background-type":"","background-media":"","overlay-type":"","overlay-color":"","overlay-opacity":"","overlay-gradient":""},"mobile":{"background-color":"var(--ast-global-color-4)","background-image":"","background-repeat":"repeat","background-position":"center center","background-size":"auto","background-attachment":"scroll","background-type":"","background-media":"","overlay-type":"","overlay-color":"","overlay-opacity":"","overlay-gradient":""}},"footnotes":""},"categories":[5],"tags":[94,119],"class_list":["post-2712","post","type-post","status-publish","format-standard","has-post-thumbnail","hentry","category-coordenadores-de-mesas","tag-coordenadores-mesas-educon2021","tag-educon2021"],"_links":{"self":[{"href":"https:\/\/coloquioeducon.com\/xvii\/wp-json\/wp\/v2\/posts\/2712","targetHints":{"allow":["GET"]}}],"collection":[{"href":"https:\/\/coloquioeducon.com\/xvii\/wp-json\/wp\/v2\/posts"}],"about":[{"href":"https:\/\/coloquioeducon.com\/xvii\/wp-json\/wp\/v2\/types\/post"}],"author":[{"embeddable":true,"href":"https:\/\/coloquioeducon.com\/xvii\/wp-json\/wp\/v2\/users\/2"}],"replies":[{"embeddable":true,"href":"https:\/\/coloquioeducon.com\/xvii\/wp-json\/wp\/v2\/comments?post=2712"}],"version-history":[{"count":0,"href":"https:\/\/coloquioeducon.com\/xvii\/wp-json\/wp\/v2\/posts\/2712\/revisions"}],"wp:featuredmedia":[{"embeddable":true,"href":"https:\/\/coloquioeducon.com\/xvii\/wp-json\/wp\/v2\/media\/2982"}],"wp:attachment":[{"href":"https:\/\/coloquioeducon.com\/xvii\/wp-json\/wp\/v2\/media?parent=2712"}],"wp:term":[{"taxonomy":"category","embeddable":true,"href":"https:\/\/coloquioeducon.com\/xvii\/wp-json\/wp\/v2\/categories?post=2712"},{"taxonomy":"post_tag","embeddable":true,"href":"https:\/\/coloquioeducon.com\/xvii\/wp-json\/wp\/v2\/tags?post=2712"}],"curies":[{"name":"wp","href":"https:\/\/api.w.org\/{rel}","templated":true}]}}