{"id":2710,"date":"2021-09-12T14:55:54","date_gmt":"2021-09-12T17:55:54","guid":{"rendered":"https:\/\/coloquioeducon.com\/xv\/?p=2710"},"modified":"2021-09-12T14:55:54","modified_gmt":"2021-09-12T17:55:54","slug":"maria-santana-f-milhomem","status":"publish","type":"post","link":"https:\/\/coloquioeducon.com\/xvii\/2021\/09\/12\/maria-santana-f-milhomem\/","title":{"rendered":"Maria Santana F. Milhomem"},"content":{"rendered":"\n<figure class=\"wp-block-pullquote\"><blockquote><p><strong>Gradua\u00e7\u00e3o em Pedagogia, professora de direito ind\u00edgena no curso de Direito na UFT. Mestre em Educa\u00e7\u00e3o pela UFS e Doutora em Educa\u00e7\u00e3o pela UNB. Atualmente exerce o cargo de pr\u00f3-reitora de Extens\u00e3o, Cultura e Assuntos Comunit\u00e1rios. \u00c9 docente do Programa de P\u00f3s gradua\u00e7\u00e3o em Estudos de Cultura e Territ\u00f3rio. Tem experi\u00eancia com comunidades tradicionais, atuando principalmente nos seguintes<\/strong><\/p><\/blockquote><\/figure>\n\n\n\n<ul class=\"wp-block-list\"><li>Pa\u00eds: Brasil<\/li><li>Institui\u00e7\u00e3o: Universidade Federal do Tocantins<\/li><li>Orcid: https:\/\/orcid.org\/0000-0002-3745-8299<\/li><li>Lattes: http:\/\/lattes.cnpq.br\/1856156107385873<\/li><li>Redes sociais: Instagram: https:\/\/www.instagram.com\/mariawareti\/<\/li><li>Participa\u00e7\u00e3o: Conferencista<\/li><li>Mesa Redonda Nacional: O di\u00e1logo entre os saberes tradicionais e os conhecimentos da universidade: dificuldades e perspectivas.<\/li><li>Data: 23\/09\/2021<\/li><li>Hor\u00e1rio: 15h30-17h00<\/li><li>Eixo: 3 Educa\u00e7\u00e3o, Sociedade e Pr\u00e1ticas Educativas<\/li><\/ul>\n","protected":false},"excerpt":{"rendered":"<p>Gradua\u00e7\u00e3o em Pedagogia, professora de direito ind\u00edgena no curso de Direito na UFT. Mestre em Educa\u00e7\u00e3o pela UFS e Doutora [&hellip;]<\/p>\n","protected":false},"author":2,"featured_media":2988,"comment_status":"open","ping_status":"open","sticky":false,"template":"","format":"standard","meta":{"site-sidebar-layout":"default","site-content-layout":"","ast-site-content-layout":"default","site-content-style":"default","site-sidebar-style":"default","ast-global-header-display":"","ast-banner-title-visibility":"","ast-main-header-display":"","ast-hfb-above-header-display":"","ast-hfb-below-header-display":"","ast-hfb-mobile-header-display":"","site-post-title":"","ast-breadcrumbs-content":"","ast-featured-img":"","footer-sml-layout":"","theme-transparent-header-meta":"","adv-header-id-meta":"","stick-header-meta":"","header-above-stick-meta":"","header-main-stick-meta":"","header-below-stick-meta":"","astra-migrate-meta-layouts":"default","ast-page-background-enabled":"default","ast-page-background-meta":{"desktop":{"background-color":"var(--ast-global-color-5)","background-image":"","background-repeat":"repeat","background-position":"center center","background-size":"auto","background-attachment":"scroll","background-type":"","background-media":"","overlay-type":"","overlay-color":"","overlay-opacity":"","overlay-gradient":""},"tablet":{"background-color":"","background-image":"","background-repeat":"repeat","background-position":"center center","background-size":"auto","background-attachment":"scroll","background-type":"","background-media":"","overlay-type":"","overlay-color":"","overlay-opacity":"","overlay-gradient":""},"mobile":{"background-color":"","background-image":"","background-repeat":"repeat","background-position":"center center","background-size":"auto","background-attachment":"scroll","background-type":"","background-media":"","overlay-type":"","overlay-color":"","overlay-opacity":"","overlay-gradient":""}},"ast-content-background-meta":{"desktop":{"background-color":"var(--ast-global-color-4)","background-image":"","background-repeat":"repeat","background-position":"center center","background-size":"auto","background-attachment":"scroll","background-type":"","background-media":"","overlay-type":"","overlay-color":"","overlay-opacity":"","overlay-gradient":""},"tablet":{"background-color":"var(--ast-global-color-4)","background-image":"","background-repeat":"repeat","background-position":"center center","background-size":"auto","background-attachment":"scroll","background-type":"","background-media":"","overlay-type":"","overlay-color":"","overlay-opacity":"","overlay-gradient":""},"mobile":{"background-color":"var(--ast-global-color-4)","background-image":"","background-repeat":"repeat","background-position":"center center","background-size":"auto","background-attachment":"scroll","background-type":"","background-media":"","overlay-type":"","overlay-color":"","overlay-opacity":"","overlay-gradient":""}},"footnotes":""},"categories":[4],"tags":[39,90,119],"class_list":["post-2710","post","type-post","status-publish","format-standard","has-post-thumbnail","hentry","category-conferencista","tag-3-educacao-sociedade-e-praticas-educativas","tag-conferencista-educon2021","tag-educon2021"],"_links":{"self":[{"href":"https:\/\/coloquioeducon.com\/xvii\/wp-json\/wp\/v2\/posts\/2710","targetHints":{"allow":["GET"]}}],"collection":[{"href":"https:\/\/coloquioeducon.com\/xvii\/wp-json\/wp\/v2\/posts"}],"about":[{"href":"https:\/\/coloquioeducon.com\/xvii\/wp-json\/wp\/v2\/types\/post"}],"author":[{"embeddable":true,"href":"https:\/\/coloquioeducon.com\/xvii\/wp-json\/wp\/v2\/users\/2"}],"replies":[{"embeddable":true,"href":"https:\/\/coloquioeducon.com\/xvii\/wp-json\/wp\/v2\/comments?post=2710"}],"version-history":[{"count":0,"href":"https:\/\/coloquioeducon.com\/xvii\/wp-json\/wp\/v2\/posts\/2710\/revisions"}],"wp:featuredmedia":[{"embeddable":true,"href":"https:\/\/coloquioeducon.com\/xvii\/wp-json\/wp\/v2\/media\/2988"}],"wp:attachment":[{"href":"https:\/\/coloquioeducon.com\/xvii\/wp-json\/wp\/v2\/media?parent=2710"}],"wp:term":[{"taxonomy":"category","embeddable":true,"href":"https:\/\/coloquioeducon.com\/xvii\/wp-json\/wp\/v2\/categories?post=2710"},{"taxonomy":"post_tag","embeddable":true,"href":"https:\/\/coloquioeducon.com\/xvii\/wp-json\/wp\/v2\/tags?post=2710"}],"curies":[{"name":"wp","href":"https:\/\/api.w.org\/{rel}","templated":true}]}}