{"id":2708,"date":"2021-09-12T14:55:19","date_gmt":"2021-09-12T17:55:19","guid":{"rendered":"https:\/\/coloquioeducon.com\/xv\/?p=2708"},"modified":"2021-09-12T14:55:19","modified_gmt":"2021-09-12T17:55:19","slug":"mariangela-de-almeida","status":"publish","type":"post","link":"https:\/\/coloquioeducon.com\/xvii\/2021\/09\/12\/mariangela-de-almeida\/","title":{"rendered":"Mariangela de Almeida"},"content":{"rendered":"\n<figure class=\"wp-block-pullquote\"><blockquote><p><strong>Professora Associada da Universidade Federal do Esp\u00edrito Santo\/Centro de Educa\u00e7\u00e3o\/Departamento de Educa\u00e7\u00e3o, Pol\u00edtica e Sociedade (UFES\/DEPS), atuando na gradua\u00e7\u00e3o em Pedagogia e nos Programas de P\u00f3s-Gradua\u00e7\u00e3o:Mestrado Profissional em Educa\u00e7\u00e3o (PPGMPE) e P\u00f3s-Gradua\u00e7\u00e3o em Educa\u00e7\u00e3o (PPGE). Graduada em Pedagogia, Mestrado e Doutorado em Educa\u00e7\u00e3o pela Universidade Federal do Esp\u00edrito Santo. Realizou estudos de P\u00f3s-Doutorado pela Universidade Federal de S\u00e3o Carlos. \u00c9 l\u00edder do Grupo de Pesquisa Forma\u00e7\u00e3o, Pesquisa-A\u00e7\u00e3o e Gest\u00e3o em Educa\u00e7\u00e3o Especial (GRUFOPEES\/CNPq) e membro do Grupo Educa\u00e7\u00e3o Especial: forma\u00e7\u00e3o de profissionais, pr\u00e1ticas pedag\u00f3gicas e pol\u00edticas p\u00fablicas (EEFPP\/CNPq).<\/strong><\/p><\/blockquote><\/figure>\n\n\n\n<ul class=\"wp-block-list\"><li>Pa\u00eds: Brasil<\/li><li>Institui\u00e7\u00e3o: Universidade Federal do Esp\u00edrito Santo<\/li><li>Lattes: http:\/\/lattes.cnpq.br\/0529970839857956<\/li><li>Redes sociais: @marialmeida2013; face Mariangela Almeida<\/li><li>Webpage: www.gestaoeducacaoespecial.ufes.br<\/li><li>Outras informa\u00e7\u00f5es: Membro da diretoria da Rede Internacional de Investiga\u00e7\u00e3o-A\u00e7\u00e3o Colaborativa &#8211; ESTREIADI\u00c1LOGOS. Membro associada da Colaborative Action Research Network (CARN). Membro do Conselho Editorial da Revista Educa\u00e7\u00e3o Especial em Debate, Revista da Rede Estreiadi\u00e1logos e da Editora Pedro &amp; Jo\u00e3o. Coordenadora Geral do VI Semin\u00e1rio Nacional de Educa\u00e7\u00e3o Especial \/ XVII Semin\u00e1rio Capixaba de Educa\u00e7\u00e3o Inclusiva (2020). Desenvolve pesquisas nas \u00e1reas de Educa\u00e7\u00e3o Especial na perspectiva da Inclus\u00e3o Escolar com \u00eanfase em: Forma\u00e7\u00e3o Continuada de Professores e Gestores, Pr\u00e1tica Pedag\u00f3gica e Pesquisa-a\u00e7\u00e3o. Leciona nas \u00e1reas: Educa\u00e7\u00e3o Especial na perspectiva da Inclus\u00e3o Escolar, Pesquisa Educacional\/Pesquisa-a\u00e7\u00e3o, Forma\u00e7\u00e3o e Pr\u00e1tica Docente. Autora de v\u00e1rios artigos, dentre suas principais obras: &#8220;Di\u00e1logos sobre Pr\u00e1ticas Inclusivas&#8221;; &#8220;Forma\u00e7\u00e3o e Gest\u00e3o em Educa\u00e7\u00e3o Especial: a pesquisa-a\u00e7\u00e3o em foco&#8221; e &#8220;Di\u00e1logos sobre Pesquisa-a\u00e7\u00e3o: concep\u00e7\u00f5es e perspectivas&#8221;.<\/li><li>Participa\u00e7\u00e3o: Conferencista<\/li><li>Mesa Redonda Nacional: Inclus\u00e3o escolar: dilemas e perspectivas.<\/li><li>Data: 23\/09\/2021<\/li><li>Hor\u00e1rio: 14h00-15h30<\/li><li>Eixo: 2 Educa\u00e7\u00e3o Inclusiva e Educa\u00e7\u00e3o Especial<\/li><\/ul>\n","protected":false},"excerpt":{"rendered":"<p>Professora Associada da Universidade Federal do Esp\u00edrito Santo\/Centro de Educa\u00e7\u00e3o\/Departamento de Educa\u00e7\u00e3o, Pol\u00edtica e Sociedade (UFES\/DEPS), atuando na gradua\u00e7\u00e3o em [&hellip;]<\/p>\n","protected":false},"author":2,"featured_media":2994,"comment_status":"open","ping_status":"open","sticky":false,"template":"","format":"standard","meta":{"site-sidebar-layout":"default","site-content-layout":"","ast-site-content-layout":"default","site-content-style":"default","site-sidebar-style":"default","ast-global-header-display":"","ast-banner-title-visibility":"","ast-main-header-display":"","ast-hfb-above-header-display":"","ast-hfb-below-header-display":"","ast-hfb-mobile-header-display":"","site-post-title":"","ast-breadcrumbs-content":"","ast-featured-img":"","footer-sml-layout":"","theme-transparent-header-meta":"","adv-header-id-meta":"","stick-header-meta":"","header-above-stick-meta":"","header-main-stick-meta":"","header-below-stick-meta":"","astra-migrate-meta-layouts":"default","ast-page-background-enabled":"default","ast-page-background-meta":{"desktop":{"background-color":"var(--ast-global-color-5)","background-image":"","background-repeat":"repeat","background-position":"center center","background-size":"auto","background-attachment":"scroll","background-type":"","background-media":"","overlay-type":"","overlay-color":"","overlay-opacity":"","overlay-gradient":""},"tablet":{"background-color":"","background-image":"","background-repeat":"repeat","background-position":"center center","background-size":"auto","background-attachment":"scroll","background-type":"","background-media":"","overlay-type":"","overlay-color":"","overlay-opacity":"","overlay-gradient":""},"mobile":{"background-color":"","background-image":"","background-repeat":"repeat","background-position":"center center","background-size":"auto","background-attachment":"scroll","background-type":"","background-media":"","overlay-type":"","overlay-color":"","overlay-opacity":"","overlay-gradient":""}},"ast-content-background-meta":{"desktop":{"background-color":"var(--ast-global-color-4)","background-image":"","background-repeat":"repeat","background-position":"center center","background-size":"auto","background-attachment":"scroll","background-type":"","background-media":"","overlay-type":"","overlay-color":"","overlay-opacity":"","overlay-gradient":""},"tablet":{"background-color":"var(--ast-global-color-4)","background-image":"","background-repeat":"repeat","background-position":"center center","background-size":"auto","background-attachment":"scroll","background-type":"","background-media":"","overlay-type":"","overlay-color":"","overlay-opacity":"","overlay-gradient":""},"mobile":{"background-color":"var(--ast-global-color-4)","background-image":"","background-repeat":"repeat","background-position":"center center","background-size":"auto","background-attachment":"scroll","background-type":"","background-media":"","overlay-type":"","overlay-color":"","overlay-opacity":"","overlay-gradient":""}},"footnotes":""},"categories":[4],"tags":[90,119],"class_list":["post-2708","post","type-post","status-publish","format-standard","has-post-thumbnail","hentry","category-conferencista","tag-conferencista-educon2021","tag-educon2021"],"_links":{"self":[{"href":"https:\/\/coloquioeducon.com\/xvii\/wp-json\/wp\/v2\/posts\/2708","targetHints":{"allow":["GET"]}}],"collection":[{"href":"https:\/\/coloquioeducon.com\/xvii\/wp-json\/wp\/v2\/posts"}],"about":[{"href":"https:\/\/coloquioeducon.com\/xvii\/wp-json\/wp\/v2\/types\/post"}],"author":[{"embeddable":true,"href":"https:\/\/coloquioeducon.com\/xvii\/wp-json\/wp\/v2\/users\/2"}],"replies":[{"embeddable":true,"href":"https:\/\/coloquioeducon.com\/xvii\/wp-json\/wp\/v2\/comments?post=2708"}],"version-history":[{"count":0,"href":"https:\/\/coloquioeducon.com\/xvii\/wp-json\/wp\/v2\/posts\/2708\/revisions"}],"wp:featuredmedia":[{"embeddable":true,"href":"https:\/\/coloquioeducon.com\/xvii\/wp-json\/wp\/v2\/media\/2994"}],"wp:attachment":[{"href":"https:\/\/coloquioeducon.com\/xvii\/wp-json\/wp\/v2\/media?parent=2708"}],"wp:term":[{"taxonomy":"category","embeddable":true,"href":"https:\/\/coloquioeducon.com\/xvii\/wp-json\/wp\/v2\/categories?post=2708"},{"taxonomy":"post_tag","embeddable":true,"href":"https:\/\/coloquioeducon.com\/xvii\/wp-json\/wp\/v2\/tags?post=2708"}],"curies":[{"name":"wp","href":"https:\/\/api.w.org\/{rel}","templated":true}]}}