{"id":2707,"date":"2021-09-12T14:55:04","date_gmt":"2021-09-12T17:55:04","guid":{"rendered":"https:\/\/coloquioeducon.com\/xv\/?p=2707"},"modified":"2021-09-12T14:55:04","modified_gmt":"2021-09-12T17:55:04","slug":"marina-scaramuzza-bressan","status":"publish","type":"post","link":"https:\/\/coloquioeducon.com\/xvii\/2021\/09\/12\/marina-scaramuzza-bressan\/","title":{"rendered":"Marina Scaramuzza Bressan"},"content":{"rendered":"\n<figure class=\"wp-block-pullquote\"><blockquote><p><strong>Graduada em Direito pela Universidade de S\u00e3o Paulo (USP) e mestranda em Ensino e Processos Formativos pela Unesp. Atualmente, faz parte do Grupo de Pesquisas &#8220;Direitos Humanos, Educa\u00e7\u00e3o e Diversidades&#8221; e da Rede Brasileira de Educa\u00e7\u00e3o em Direitos Humanos. Possui experi\u00eancia profissional e acad\u00eamica em Direitos Humanos, com foco em Direitos de Crian\u00e7as e Adolescentes e Sistema Socioeducativo.<\/strong><\/p><\/blockquote><\/figure>\n\n\n\n<ul class=\"wp-block-list\"><li>Pa\u00eds: Brasil<\/li><li>Institui\u00e7\u00e3o: Universidade Estadual Paulista &#8220;J\u00falio de Mesquita Filho&#8221; &#8211; Unesp<\/li><li>Orcid: https:\/\/orcid.org\/0000-0002-6731-3357<\/li><li>Lattes: http:\/\/lattes.cnpq.br\/2147878686325731<\/li><li>Participa\u00e7\u00e3o: Conferencista<\/li><li>Mesa Redonda Nacional: Direito ao Projeto de Vida: Escolas e Promo\u00e7\u00e3o de Direitos Humanos em contextos de Vulnerabilidade .<\/li><li>Data: 22\/09\/2021<\/li><li>Hor\u00e1rio: 15h30-17h00<\/li><li>Eixo: 14 Direito, Sociedade e Contemporaneidade<\/li><\/ul>\n","protected":false},"excerpt":{"rendered":"<p>Graduada em Direito pela Universidade de S\u00e3o Paulo (USP) e mestranda em Ensino e Processos Formativos pela Unesp. Atualmente, faz [&hellip;]<\/p>\n","protected":false},"author":2,"featured_media":2997,"comment_status":"open","ping_status":"open","sticky":false,"template":"","format":"standard","meta":{"site-sidebar-layout":"default","site-content-layout":"","ast-site-content-layout":"default","site-content-style":"default","site-sidebar-style":"default","ast-global-header-display":"","ast-banner-title-visibility":"","ast-main-header-display":"","ast-hfb-above-header-display":"","ast-hfb-below-header-display":"","ast-hfb-mobile-header-display":"","site-post-title":"","ast-breadcrumbs-content":"","ast-featured-img":"","footer-sml-layout":"","theme-transparent-header-meta":"","adv-header-id-meta":"","stick-header-meta":"","header-above-stick-meta":"","header-main-stick-meta":"","header-below-stick-meta":"","astra-migrate-meta-layouts":"default","ast-page-background-enabled":"default","ast-page-background-meta":{"desktop":{"background-color":"var(--ast-global-color-5)","background-image":"","background-repeat":"repeat","background-position":"center center","background-size":"auto","background-attachment":"scroll","background-type":"","background-media":"","overlay-type":"","overlay-color":"","overlay-opacity":"","overlay-gradient":""},"tablet":{"background-color":"","background-image":"","background-repeat":"repeat","background-position":"center center","background-size":"auto","background-attachment":"scroll","background-type":"","background-media":"","overlay-type":"","overlay-color":"","overlay-opacity":"","overlay-gradient":""},"mobile":{"background-color":"","background-image":"","background-repeat":"repeat","background-position":"center center","background-size":"auto","background-attachment":"scroll","background-type":"","background-media":"","overlay-type":"","overlay-color":"","overlay-opacity":"","overlay-gradient":""}},"ast-content-background-meta":{"desktop":{"background-color":"var(--ast-global-color-4)","background-image":"","background-repeat":"repeat","background-position":"center center","background-size":"auto","background-attachment":"scroll","background-type":"","background-media":"","overlay-type":"","overlay-color":"","overlay-opacity":"","overlay-gradient":""},"tablet":{"background-color":"var(--ast-global-color-4)","background-image":"","background-repeat":"repeat","background-position":"center center","background-size":"auto","background-attachment":"scroll","background-type":"","background-media":"","overlay-type":"","overlay-color":"","overlay-opacity":"","overlay-gradient":""},"mobile":{"background-color":"var(--ast-global-color-4)","background-image":"","background-repeat":"repeat","background-position":"center center","background-size":"auto","background-attachment":"scroll","background-type":"","background-media":"","overlay-type":"","overlay-color":"","overlay-opacity":"","overlay-gradient":""}},"footnotes":""},"categories":[4],"tags":[19,119],"class_list":["post-2707","post","type-post","status-publish","format-standard","has-post-thumbnail","hentry","category-conferencista","tag-14-direito-sociedade-e-contemporaneidade","tag-educon2021"],"_links":{"self":[{"href":"https:\/\/coloquioeducon.com\/xvii\/wp-json\/wp\/v2\/posts\/2707","targetHints":{"allow":["GET"]}}],"collection":[{"href":"https:\/\/coloquioeducon.com\/xvii\/wp-json\/wp\/v2\/posts"}],"about":[{"href":"https:\/\/coloquioeducon.com\/xvii\/wp-json\/wp\/v2\/types\/post"}],"author":[{"embeddable":true,"href":"https:\/\/coloquioeducon.com\/xvii\/wp-json\/wp\/v2\/users\/2"}],"replies":[{"embeddable":true,"href":"https:\/\/coloquioeducon.com\/xvii\/wp-json\/wp\/v2\/comments?post=2707"}],"version-history":[{"count":0,"href":"https:\/\/coloquioeducon.com\/xvii\/wp-json\/wp\/v2\/posts\/2707\/revisions"}],"wp:featuredmedia":[{"embeddable":true,"href":"https:\/\/coloquioeducon.com\/xvii\/wp-json\/wp\/v2\/media\/2997"}],"wp:attachment":[{"href":"https:\/\/coloquioeducon.com\/xvii\/wp-json\/wp\/v2\/media?parent=2707"}],"wp:term":[{"taxonomy":"category","embeddable":true,"href":"https:\/\/coloquioeducon.com\/xvii\/wp-json\/wp\/v2\/categories?post=2707"},{"taxonomy":"post_tag","embeddable":true,"href":"https:\/\/coloquioeducon.com\/xvii\/wp-json\/wp\/v2\/tags?post=2707"}],"curies":[{"name":"wp","href":"https:\/\/api.w.org\/{rel}","templated":true}]}}