{"id":2705,"date":"2021-09-12T14:54:17","date_gmt":"2021-09-12T17:54:17","guid":{"rendered":"https:\/\/coloquioeducon.com\/xv\/?p=2705"},"modified":"2021-09-12T14:54:17","modified_gmt":"2021-09-12T17:54:17","slug":"marlene-de-almeida-augusto-de-souza","status":"publish","type":"post","link":"https:\/\/coloquioeducon.com\/xvii\/2021\/09\/12\/marlene-de-almeida-augusto-de-souza\/","title":{"rendered":"Marlene de Almeida Augusto de Souza"},"content":{"rendered":"\n<figure class=\"wp-block-pullquote\"><blockquote><p><strong>Possui gradua\u00e7\u00e3o em Letras, mestrado e doutorado em Estudos Lingu\u00edsticos e Liter\u00e1rios em Ingl\u00eas pela Universidade de S\u00e3o Paulo. Atuou como professora de escolas p\u00fablicas estaduais de S\u00e3o Paulo durante 20 anos e como professora de ingl\u00eas e pr\u00e1tica de ensino em cursos de Letras em institui\u00e7\u00f5es particulares durante 15 anos. Atualmente \u00e9 professora associada da Universidade Federal de Sergipe.<\/strong><\/p><\/blockquote><\/figure>\n\n\n\n<ul class=\"wp-block-list\"><li>Pa\u00eds: Brasil<\/li><li>Institui\u00e7\u00e3o: UFS &#8211; Universidade Federal de Sergipe<\/li><li>Participa\u00e7\u00e3o: Coordenadora<\/li><li>Mesa-redonda Nacional: Educa\u00e7\u00e3o Cr\u00edtica em L\u00edngua Inglesa.<\/li><li>Data: 24\/09\/2021<\/li><li>Hor\u00e1rio: 15h30-17h00<\/li><li>Eixo: 6 Neuroeduca\u00e7\u00e3o, Ensino de Ci\u00eancias Humanas e Sociais e Linguagem<\/li><\/ul>\n","protected":false},"excerpt":{"rendered":"<p>Possui gradua\u00e7\u00e3o em Letras, mestrado e doutorado em Estudos Lingu\u00edsticos e Liter\u00e1rios em Ingl\u00eas pela Universidade de S\u00e3o Paulo. Atuou [&hellip;]<\/p>\n","protected":false},"author":2,"featured_media":3003,"comment_status":"open","ping_status":"open","sticky":false,"template":"","format":"standard","meta":{"site-sidebar-layout":"default","site-content-layout":"","ast-site-content-layout":"default","site-content-style":"default","site-sidebar-style":"default","ast-global-header-display":"","ast-banner-title-visibility":"","ast-main-header-display":"","ast-hfb-above-header-display":"","ast-hfb-below-header-display":"","ast-hfb-mobile-header-display":"","site-post-title":"","ast-breadcrumbs-content":"","ast-featured-img":"","footer-sml-layout":"","theme-transparent-header-meta":"","adv-header-id-meta":"","stick-header-meta":"","header-above-stick-meta":"","header-main-stick-meta":"","header-below-stick-meta":"","astra-migrate-meta-layouts":"default","ast-page-background-enabled":"default","ast-page-background-meta":{"desktop":{"background-color":"var(--ast-global-color-5)","background-image":"","background-repeat":"repeat","background-position":"center center","background-size":"auto","background-attachment":"scroll","background-type":"","background-media":"","overlay-type":"","overlay-color":"","overlay-opacity":"","overlay-gradient":""},"tablet":{"background-color":"","background-image":"","background-repeat":"repeat","background-position":"center center","background-size":"auto","background-attachment":"scroll","background-type":"","background-media":"","overlay-type":"","overlay-color":"","overlay-opacity":"","overlay-gradient":""},"mobile":{"background-color":"","background-image":"","background-repeat":"repeat","background-position":"center center","background-size":"auto","background-attachment":"scroll","background-type":"","background-media":"","overlay-type":"","overlay-color":"","overlay-opacity":"","overlay-gradient":""}},"ast-content-background-meta":{"desktop":{"background-color":"var(--ast-global-color-4)","background-image":"","background-repeat":"repeat","background-position":"center center","background-size":"auto","background-attachment":"scroll","background-type":"","background-media":"","overlay-type":"","overlay-color":"","overlay-opacity":"","overlay-gradient":""},"tablet":{"background-color":"var(--ast-global-color-4)","background-image":"","background-repeat":"repeat","background-position":"center center","background-size":"auto","background-attachment":"scroll","background-type":"","background-media":"","overlay-type":"","overlay-color":"","overlay-opacity":"","overlay-gradient":""},"mobile":{"background-color":"var(--ast-global-color-4)","background-image":"","background-repeat":"repeat","background-position":"center center","background-size":"auto","background-attachment":"scroll","background-type":"","background-media":"","overlay-type":"","overlay-color":"","overlay-opacity":"","overlay-gradient":""}},"footnotes":""},"categories":[5],"tags":[43,94,119],"class_list":["post-2705","post","type-post","status-publish","format-standard","has-post-thumbnail","hentry","category-coordenadores-de-mesas","tag-6-neuroeducacao-ensino-de-ciencias-humanas-e-sociais-e-linguagem","tag-coordenadores-mesas-educon2021","tag-educon2021"],"_links":{"self":[{"href":"https:\/\/coloquioeducon.com\/xvii\/wp-json\/wp\/v2\/posts\/2705","targetHints":{"allow":["GET"]}}],"collection":[{"href":"https:\/\/coloquioeducon.com\/xvii\/wp-json\/wp\/v2\/posts"}],"about":[{"href":"https:\/\/coloquioeducon.com\/xvii\/wp-json\/wp\/v2\/types\/post"}],"author":[{"embeddable":true,"href":"https:\/\/coloquioeducon.com\/xvii\/wp-json\/wp\/v2\/users\/2"}],"replies":[{"embeddable":true,"href":"https:\/\/coloquioeducon.com\/xvii\/wp-json\/wp\/v2\/comments?post=2705"}],"version-history":[{"count":0,"href":"https:\/\/coloquioeducon.com\/xvii\/wp-json\/wp\/v2\/posts\/2705\/revisions"}],"wp:featuredmedia":[{"embeddable":true,"href":"https:\/\/coloquioeducon.com\/xvii\/wp-json\/wp\/v2\/media\/3003"}],"wp:attachment":[{"href":"https:\/\/coloquioeducon.com\/xvii\/wp-json\/wp\/v2\/media?parent=2705"}],"wp:term":[{"taxonomy":"category","embeddable":true,"href":"https:\/\/coloquioeducon.com\/xvii\/wp-json\/wp\/v2\/categories?post=2705"},{"taxonomy":"post_tag","embeddable":true,"href":"https:\/\/coloquioeducon.com\/xvii\/wp-json\/wp\/v2\/tags?post=2705"}],"curies":[{"name":"wp","href":"https:\/\/api.w.org\/{rel}","templated":true}]}}