{"id":2670,"date":"2021-09-12T14:50:25","date_gmt":"2021-09-12T17:50:25","guid":{"rendered":"https:\/\/coloquioeducon.com\/xv\/?p=2670"},"modified":"2021-09-12T14:50:25","modified_gmt":"2021-09-12T17:50:25","slug":"patricia-de-oliveira-lucas","status":"publish","type":"post","link":"https:\/\/coloquioeducon.com\/xvii\/2021\/09\/12\/patricia-de-oliveira-lucas\/","title":{"rendered":"Patricia de Oliveira Lucas"},"content":{"rendered":"\n<figure class=\"wp-block-pullquote\"><blockquote><p><strong>Doutora pelo Programa de p\u00f3s-gradua\u00e7\u00e3o em Lingu\u00edstica, da Universidade Federal de S\u00e3o Carlos (UFSCar), com est\u00e1gio na modalidade doutorado sandu\u00edche (CAPES) no Departamento de Educa\u00e7\u00e3o (SOE) da Universidade de Michigan (U of M), nos Estados Unidos. Atualmente \u00e9 professora adjunta no Centro de Ci\u00eancias Humanas e Letras (CCHL) &#8211; L\u00ednguas Estrangeiras, na Universidade Federal do Piau\u00ed e Coordenadora do Curso de Letras Estrangeiras da UFPI.<\/strong><\/p><\/blockquote><\/figure>\n\n\n\n<ul class=\"wp-block-list\"><li>Pa\u00eds: Brazil<\/li><li>Institui\u00e7\u00e3o: Universidade Federal do Piau\u00ed<\/li><li>Orcid: https:\/\/orcid.org\/0000-0002-3434-494X<\/li><li>Lattes: http:\/\/lattes.cnpq.br\/0974373709067343<\/li><li>Redes sociais: https:\/\/www.instagram.com\/p.atricialucas\/ https:\/\/www.facebook.com\/patricia.lucas.566\/<\/li><li>Outras informa\u00e7\u00f5es: Organiza\u00e7\u00e3o dos livros: TEMAS E RUMOS NAS PESQUISAS EM LINGU\u00cdSTICA (APLICADA): QUEST\u00d5ES EMP\u00cdRICAS, \u00c9TICAS E PR\u00c1TICAS vols 1 e 2. (http:\/\/ponteseditores.com.br\/loja\/index.php?route=product\/product&amp;product_id=757)<\/li><li>Participa\u00e7\u00e3o: Conferencista<\/li><li>Mesa Redonda Nacional: Tecnologias e o Ensino de L\u00ednguas.<\/li><li>Data: 24\/09\/2021<\/li><li>Hor\u00e1rio: 17h00-18h30<\/li><li>Eixo: 6 Neuroeduca\u00e7\u00e3o, Ensino de Ci\u00eancias Humanas e Sociais e Linguagem<\/li><\/ul>\n","protected":false},"excerpt":{"rendered":"<p>Doutora pelo Programa de p\u00f3s-gradua\u00e7\u00e3o em Lingu\u00edstica, da Universidade Federal de S\u00e3o Carlos (UFSCar), com est\u00e1gio na modalidade doutorado sandu\u00edche [&hellip;]<\/p>\n","protected":false},"author":2,"featured_media":3024,"comment_status":"open","ping_status":"open","sticky":false,"template":"","format":"standard","meta":{"site-sidebar-layout":"default","site-content-layout":"","ast-site-content-layout":"default","site-content-style":"default","site-sidebar-style":"default","ast-global-header-display":"","ast-banner-title-visibility":"","ast-main-header-display":"","ast-hfb-above-header-display":"","ast-hfb-below-header-display":"","ast-hfb-mobile-header-display":"","site-post-title":"","ast-breadcrumbs-content":"","ast-featured-img":"","footer-sml-layout":"","theme-transparent-header-meta":"","adv-header-id-meta":"","stick-header-meta":"","header-above-stick-meta":"","header-main-stick-meta":"","header-below-stick-meta":"","astra-migrate-meta-layouts":"default","ast-page-background-enabled":"default","ast-page-background-meta":{"desktop":{"background-color":"var(--ast-global-color-5)","background-image":"","background-repeat":"repeat","background-position":"center center","background-size":"auto","background-attachment":"scroll","background-type":"","background-media":"","overlay-type":"","overlay-color":"","overlay-opacity":"","overlay-gradient":""},"tablet":{"background-color":"","background-image":"","background-repeat":"repeat","background-position":"center center","background-size":"auto","background-attachment":"scroll","background-type":"","background-media":"","overlay-type":"","overlay-color":"","overlay-opacity":"","overlay-gradient":""},"mobile":{"background-color":"","background-image":"","background-repeat":"repeat","background-position":"center center","background-size":"auto","background-attachment":"scroll","background-type":"","background-media":"","overlay-type":"","overlay-color":"","overlay-opacity":"","overlay-gradient":""}},"ast-content-background-meta":{"desktop":{"background-color":"var(--ast-global-color-4)","background-image":"","background-repeat":"repeat","background-position":"center center","background-size":"auto","background-attachment":"scroll","background-type":"","background-media":"","overlay-type":"","overlay-color":"","overlay-opacity":"","overlay-gradient":""},"tablet":{"background-color":"var(--ast-global-color-4)","background-image":"","background-repeat":"repeat","background-position":"center center","background-size":"auto","background-attachment":"scroll","background-type":"","background-media":"","overlay-type":"","overlay-color":"","overlay-opacity":"","overlay-gradient":""},"mobile":{"background-color":"var(--ast-global-color-4)","background-image":"","background-repeat":"repeat","background-position":"center center","background-size":"auto","background-attachment":"scroll","background-type":"","background-media":"","overlay-type":"","overlay-color":"","overlay-opacity":"","overlay-gradient":""}},"footnotes":""},"categories":[4],"tags":[43,90,119],"class_list":["post-2670","post","type-post","status-publish","format-standard","has-post-thumbnail","hentry","category-conferencista","tag-6-neuroeducacao-ensino-de-ciencias-humanas-e-sociais-e-linguagem","tag-conferencista-educon2021","tag-educon2021"],"_links":{"self":[{"href":"https:\/\/coloquioeducon.com\/xvii\/wp-json\/wp\/v2\/posts\/2670","targetHints":{"allow":["GET"]}}],"collection":[{"href":"https:\/\/coloquioeducon.com\/xvii\/wp-json\/wp\/v2\/posts"}],"about":[{"href":"https:\/\/coloquioeducon.com\/xvii\/wp-json\/wp\/v2\/types\/post"}],"author":[{"embeddable":true,"href":"https:\/\/coloquioeducon.com\/xvii\/wp-json\/wp\/v2\/users\/2"}],"replies":[{"embeddable":true,"href":"https:\/\/coloquioeducon.com\/xvii\/wp-json\/wp\/v2\/comments?post=2670"}],"version-history":[{"count":0,"href":"https:\/\/coloquioeducon.com\/xvii\/wp-json\/wp\/v2\/posts\/2670\/revisions"}],"wp:featuredmedia":[{"embeddable":true,"href":"https:\/\/coloquioeducon.com\/xvii\/wp-json\/wp\/v2\/media\/3024"}],"wp:attachment":[{"href":"https:\/\/coloquioeducon.com\/xvii\/wp-json\/wp\/v2\/media?parent=2670"}],"wp:term":[{"taxonomy":"category","embeddable":true,"href":"https:\/\/coloquioeducon.com\/xvii\/wp-json\/wp\/v2\/categories?post=2670"},{"taxonomy":"post_tag","embeddable":true,"href":"https:\/\/coloquioeducon.com\/xvii\/wp-json\/wp\/v2\/tags?post=2670"}],"curies":[{"name":"wp","href":"https:\/\/api.w.org\/{rel}","templated":true}]}}