{"id":2669,"date":"2021-09-12T14:50:07","date_gmt":"2021-09-12T17:50:07","guid":{"rendered":"https:\/\/coloquioeducon.com\/xv\/?p=2669"},"modified":"2021-09-12T14:50:07","modified_gmt":"2021-09-12T17:50:07","slug":"patricia-veronica-nunes-carvalho-sobral-de-souza","status":"publish","type":"post","link":"https:\/\/coloquioeducon.com\/xvii\/2021\/09\/12\/patricia-veronica-nunes-carvalho-sobral-de-souza\/","title":{"rendered":"Patr\u00edcia Veronica Nunes Carvalho Sobral de Souza"},"content":{"rendered":"\n<figure class=\"wp-block-pullquote\"><blockquote><p><strong>P\u00f3s-Doutora em Direito pela Mediterranea International Centre for Human Rights Research dell Universit\u00e0 Mediterranea di Reggio Calabria (It\u00e1lia). P\u00f3s-Doutora em Direito e Doutora em Direito P\u00fablico pela Universidade Federal da Bahia-UFBA. Doutora em Educa\u00e7\u00e3o e Mestra em Direito P\u00fablico pela Universidade Federal de Sergipe &#8211; UFS. Especialista em Combate \u00e0 corrup\u00e7\u00e3o: preven\u00e7\u00e3o e repress\u00e3o aos desvios de recursos p\u00fablicos pela Faculdade Est\u00e1cio CERS. Especialista em Direito do Estado e Especialista em Direito Municipal pela UNIDERP. Especialista em Direito Civil e Processo Civil pela Universidade Tiradentes &#8211; UNIT. Especialista em Auditoria Cont\u00e1bil pela Universidade Federal de Sergipe &#8211; UFS. Professora Titular de Gradua\u00e7\u00e3o e P\u00f3s-gradua\u00e7\u00e3o da Universidade Tiradentes. L\u00edder do Grupo de Pesquisa em Direito P\u00fablico, Educa\u00e7\u00e3o Jur\u00eddica e Direitos Humanos &#8211; DPEJDH\/UNIT\/CNPq. Conferencista. Autora de artigos e Livros Jur\u00eddicos.<\/strong><\/p><\/blockquote><\/figure>\n\n\n\n<ul class=\"wp-block-list\"><li>Pa\u00eds: Brasil<\/li><li>Institui\u00e7\u00e3o: UNIVERSIDADE TIRADENTES<\/li><li>Orcid: https:\/\/orcid.org\/0000-0002-3725-6339<\/li><li>Lattes: http:\/\/lattes.cnpq.br\/7502386530836336<\/li><li>Redes sociais: profa.dra.patricia_veronica<\/li><li>Outras informa\u00e7\u00f5es: Autora das obras: Escolas de Contas e o Controle Social na Forma\u00e7\u00e3o Profissional (Ed. F\u00f3rum); Seguran\u00e7a Jur\u00eddica no Processo Administrativo Disciplinar (Ed. F\u00f3rum); Corrup\u00e7\u00e3o e Improbidade: Cr\u00edticas e Controle (Ed. F\u00f3rum). Advogada, contadora, jornalista e pedagoga. Master Coaching e Mentoring Advice Humanizado. Membro e Vice-Presidente da Associa\u00e7\u00e3o Brasileira das Mulheres de Carreira Jur\u00eddica (ABMCJ). Membro da Academia Sergipana de Educa\u00e7\u00e3o, da Academia Sergipana de Letras, da Academia Sergipana de Ci\u00eancias Cont\u00e1beis, da Academia Itabaianense de Letras e do Instituto Hist\u00f3rico e Geogr\u00e1fico de Sergipe. Membro da Associa\u00e7\u00e3o Sergipana de Imprensa. Membro do Instituto Brasileiro de Direito de Fam\u00edlia (IBDFAM). Membro da Comiss\u00e3o da Mulher Contabilista (CMC). Recebeu a comenda do m\u00e9rito trabalhista em 2007. Foi a primeira Mulher Diretora-Geral do Tribunal de Contas do Estado de Sergipe (2007 e 2008) e Diretora T\u00e9cnica (2014 e 2015), (2018 e 2019) e (2020 e 2021). Lecionou como professora substituta na Universidade Federal de Sergipe, durante dois anos.<\/li><li>Participa\u00e7\u00e3o: Coordenadora<\/li><li>Mesa Redonda Nacional: O Novo Fundeb como Instrumento de Financiamento da Educa\u00e7\u00e3o P\u00fablica.<\/li><li>Data: 22\/09\/2021<\/li><li>Hor\u00e1rio: 17h00-18h30<\/li><li>Eixo: 14 Direito, Sociedade e Contemporaneidade<\/li><\/ul>\n","protected":false},"excerpt":{"rendered":"<p>P\u00f3s-Doutora em Direito pela Mediterranea International Centre for Human Rights Research dell Universit\u00e0 Mediterranea di Reggio Calabria (It\u00e1lia). P\u00f3s-Doutora em [&hellip;]<\/p>\n","protected":false},"author":2,"featured_media":3154,"comment_status":"open","ping_status":"open","sticky":false,"template":"","format":"standard","meta":{"site-sidebar-layout":"default","site-content-layout":"","ast-site-content-layout":"default","site-content-style":"default","site-sidebar-style":"default","ast-global-header-display":"","ast-banner-title-visibility":"","ast-main-header-display":"","ast-hfb-above-header-display":"","ast-hfb-below-header-display":"","ast-hfb-mobile-header-display":"","site-post-title":"","ast-breadcrumbs-content":"","ast-featured-img":"","footer-sml-layout":"","theme-transparent-header-meta":"","adv-header-id-meta":"","stick-header-meta":"","header-above-stick-meta":"","header-main-stick-meta":"","header-below-stick-meta":"","astra-migrate-meta-layouts":"default","ast-page-background-enabled":"default","ast-page-background-meta":{"desktop":{"background-color":"var(--ast-global-color-5)","background-image":"","background-repeat":"repeat","background-position":"center center","background-size":"auto","background-attachment":"scroll","background-type":"","background-media":"","overlay-type":"","overlay-color":"","overlay-opacity":"","overlay-gradient":""},"tablet":{"background-color":"","background-image":"","background-repeat":"repeat","background-position":"center center","background-size":"auto","background-attachment":"scroll","background-type":"","background-media":"","overlay-type":"","overlay-color":"","overlay-opacity":"","overlay-gradient":""},"mobile":{"background-color":"","background-image":"","background-repeat":"repeat","background-position":"center center","background-size":"auto","background-attachment":"scroll","background-type":"","background-media":"","overlay-type":"","overlay-color":"","overlay-opacity":"","overlay-gradient":""}},"ast-content-background-meta":{"desktop":{"background-color":"var(--ast-global-color-4)","background-image":"","background-repeat":"repeat","background-position":"center center","background-size":"auto","background-attachment":"scroll","background-type":"","background-media":"","overlay-type":"","overlay-color":"","overlay-opacity":"","overlay-gradient":""},"tablet":{"background-color":"var(--ast-global-color-4)","background-image":"","background-repeat":"repeat","background-position":"center center","background-size":"auto","background-attachment":"scroll","background-type":"","background-media":"","overlay-type":"","overlay-color":"","overlay-opacity":"","overlay-gradient":""},"mobile":{"background-color":"var(--ast-global-color-4)","background-image":"","background-repeat":"repeat","background-position":"center center","background-size":"auto","background-attachment":"scroll","background-type":"","background-media":"","overlay-type":"","overlay-color":"","overlay-opacity":"","overlay-gradient":""}},"footnotes":""},"categories":[5],"tags":[19,90,119],"class_list":["post-2669","post","type-post","status-publish","format-standard","has-post-thumbnail","hentry","category-coordenadores-de-mesas","tag-14-direito-sociedade-e-contemporaneidade","tag-conferencista-educon2021","tag-educon2021"],"_links":{"self":[{"href":"https:\/\/coloquioeducon.com\/xvii\/wp-json\/wp\/v2\/posts\/2669","targetHints":{"allow":["GET"]}}],"collection":[{"href":"https:\/\/coloquioeducon.com\/xvii\/wp-json\/wp\/v2\/posts"}],"about":[{"href":"https:\/\/coloquioeducon.com\/xvii\/wp-json\/wp\/v2\/types\/post"}],"author":[{"embeddable":true,"href":"https:\/\/coloquioeducon.com\/xvii\/wp-json\/wp\/v2\/users\/2"}],"replies":[{"embeddable":true,"href":"https:\/\/coloquioeducon.com\/xvii\/wp-json\/wp\/v2\/comments?post=2669"}],"version-history":[{"count":0,"href":"https:\/\/coloquioeducon.com\/xvii\/wp-json\/wp\/v2\/posts\/2669\/revisions"}],"wp:featuredmedia":[{"embeddable":true,"href":"https:\/\/coloquioeducon.com\/xvii\/wp-json\/wp\/v2\/media\/3154"}],"wp:attachment":[{"href":"https:\/\/coloquioeducon.com\/xvii\/wp-json\/wp\/v2\/media?parent=2669"}],"wp:term":[{"taxonomy":"category","embeddable":true,"href":"https:\/\/coloquioeducon.com\/xvii\/wp-json\/wp\/v2\/categories?post=2669"},{"taxonomy":"post_tag","embeddable":true,"href":"https:\/\/coloquioeducon.com\/xvii\/wp-json\/wp\/v2\/tags?post=2669"}],"curies":[{"name":"wp","href":"https:\/\/api.w.org\/{rel}","templated":true}]}}