{"id":2663,"date":"2021-09-12T14:48:19","date_gmt":"2021-09-12T17:48:19","guid":{"rendered":"https:\/\/coloquioeducon.com\/xv\/?p=2663"},"modified":"2021-09-12T14:48:19","modified_gmt":"2021-09-12T17:48:19","slug":"roberto-sidnei-macedo","status":"publish","type":"post","link":"https:\/\/coloquioeducon.com\/xvii\/2021\/09\/12\/roberto-sidnei-macedo\/","title":{"rendered":"Roberto Sidnei Macedo"},"content":{"rendered":"\n<figure class=\"wp-block-pullquote\"><blockquote><p><strong>Professor Titular da FACED-UFBA. Atual Diretor da FACED-UFBA. Coordenador do Grupo de Pesquisa FORMACCE PPGE FACED-UFBA. Ex Coordenador do Programa de P\u00f3s-Gradua\u00e7\u00e3o em Educa\u00e7\u00e3o da FACED-UFBA. Ex Coordenador do GT de Curr\u00edculo da ANPED. Membro do GT de Curr\u00edculo da ANPED e da Associa\u00e7\u00e3o Brasileira de Curr\u00edculo &#8211; ABdC. Doutor em Ci\u00eancias da Educa\u00e7\u00e3o pela Universidade de Paris Saint-Denis (PARIS 8). P\u00f3s-Doutorados em Curr\u00edculo e Forma\u00e7\u00e3o pelos Institutos de Educa\u00e7\u00e3o da Universidade de Fribourg-Sui\u00e7a e Universidade do Minho-Portugal. Membro da Academia de Letras Itabuna-Bahia. Consultor Ad hoc da Funda\u00e7\u00e3o de Amparo \u00e0 Pesquisa da Bahia-FAPESB.<\/strong><\/p><\/blockquote><\/figure>\n\n\n\n<ul class=\"wp-block-list\"><li>Pa\u00eds: Brasil<\/li><li>Institui\u00e7\u00e3o: Universidade Federal da Bahia &#8211; UFBA<\/li><li>Orcid: https:\/\/orcid.org\/0000-0001-53505999<\/li><li>Lattes: https:\/\/lattes.cnpq.br\/4548303459275924<\/li><li>Participa\u00e7\u00e3o: Conferencista<\/li><li>Mesa-redonda Nacional: Pol\u00edticas curriculares no Brasil p\u00f3s-BNCC\/Pandemia: novas pedagogias em quest\u00e3o.<\/li><li>Data: 24\/09\/2021<\/li><li>Hor\u00e1rio: 10h00-11h30<\/li><li>Eixo: 11 Curr\u00edculo, Gest\u00e3o e Organiza\u00e7\u00e3o do Trabalho Pedag\u00f3gico<\/li><\/ul>\n","protected":false},"excerpt":{"rendered":"<p>Professor Titular da FACED-UFBA. Atual Diretor da FACED-UFBA. Coordenador do Grupo de Pesquisa FORMACCE PPGE FACED-UFBA. Ex Coordenador do Programa [&hellip;]<\/p>\n","protected":false},"author":2,"featured_media":3037,"comment_status":"open","ping_status":"open","sticky":false,"template":"","format":"standard","meta":{"site-sidebar-layout":"default","site-content-layout":"","ast-site-content-layout":"default","site-content-style":"default","site-sidebar-style":"default","ast-global-header-display":"","ast-banner-title-visibility":"","ast-main-header-display":"","ast-hfb-above-header-display":"","ast-hfb-below-header-display":"","ast-hfb-mobile-header-display":"","site-post-title":"","ast-breadcrumbs-content":"","ast-featured-img":"","footer-sml-layout":"","theme-transparent-header-meta":"","adv-header-id-meta":"","stick-header-meta":"","header-above-stick-meta":"","header-main-stick-meta":"","header-below-stick-meta":"","astra-migrate-meta-layouts":"default","ast-page-background-enabled":"default","ast-page-background-meta":{"desktop":{"background-color":"var(--ast-global-color-5)","background-image":"","background-repeat":"repeat","background-position":"center center","background-size":"auto","background-attachment":"scroll","background-type":"","background-media":"","overlay-type":"","overlay-color":"","overlay-opacity":"","overlay-gradient":""},"tablet":{"background-color":"","background-image":"","background-repeat":"repeat","background-position":"center center","background-size":"auto","background-attachment":"scroll","background-type":"","background-media":"","overlay-type":"","overlay-color":"","overlay-opacity":"","overlay-gradient":""},"mobile":{"background-color":"","background-image":"","background-repeat":"repeat","background-position":"center center","background-size":"auto","background-attachment":"scroll","background-type":"","background-media":"","overlay-type":"","overlay-color":"","overlay-opacity":"","overlay-gradient":""}},"ast-content-background-meta":{"desktop":{"background-color":"var(--ast-global-color-4)","background-image":"","background-repeat":"repeat","background-position":"center center","background-size":"auto","background-attachment":"scroll","background-type":"","background-media":"","overlay-type":"","overlay-color":"","overlay-opacity":"","overlay-gradient":""},"tablet":{"background-color":"var(--ast-global-color-4)","background-image":"","background-repeat":"repeat","background-position":"center center","background-size":"auto","background-attachment":"scroll","background-type":"","background-media":"","overlay-type":"","overlay-color":"","overlay-opacity":"","overlay-gradient":""},"mobile":{"background-color":"var(--ast-global-color-4)","background-image":"","background-repeat":"repeat","background-position":"center center","background-size":"auto","background-attachment":"scroll","background-type":"","background-media":"","overlay-type":"","overlay-color":"","overlay-opacity":"","overlay-gradient":""}},"footnotes":""},"categories":[4],"tags":[16,90,119],"class_list":["post-2663","post","type-post","status-publish","format-standard","has-post-thumbnail","hentry","category-conferencista","tag-11-curriculo-gestao-e-organizacao-do-trabalho-pedagogico","tag-conferencista-educon2021","tag-educon2021"],"_links":{"self":[{"href":"https:\/\/coloquioeducon.com\/xvii\/wp-json\/wp\/v2\/posts\/2663","targetHints":{"allow":["GET"]}}],"collection":[{"href":"https:\/\/coloquioeducon.com\/xvii\/wp-json\/wp\/v2\/posts"}],"about":[{"href":"https:\/\/coloquioeducon.com\/xvii\/wp-json\/wp\/v2\/types\/post"}],"author":[{"embeddable":true,"href":"https:\/\/coloquioeducon.com\/xvii\/wp-json\/wp\/v2\/users\/2"}],"replies":[{"embeddable":true,"href":"https:\/\/coloquioeducon.com\/xvii\/wp-json\/wp\/v2\/comments?post=2663"}],"version-history":[{"count":0,"href":"https:\/\/coloquioeducon.com\/xvii\/wp-json\/wp\/v2\/posts\/2663\/revisions"}],"wp:featuredmedia":[{"embeddable":true,"href":"https:\/\/coloquioeducon.com\/xvii\/wp-json\/wp\/v2\/media\/3037"}],"wp:attachment":[{"href":"https:\/\/coloquioeducon.com\/xvii\/wp-json\/wp\/v2\/media?parent=2663"}],"wp:term":[{"taxonomy":"category","embeddable":true,"href":"https:\/\/coloquioeducon.com\/xvii\/wp-json\/wp\/v2\/categories?post=2663"},{"taxonomy":"post_tag","embeddable":true,"href":"https:\/\/coloquioeducon.com\/xvii\/wp-json\/wp\/v2\/tags?post=2663"}],"curies":[{"name":"wp","href":"https:\/\/api.w.org\/{rel}","templated":true}]}}