{"id":2658,"date":"2021-09-12T14:46:21","date_gmt":"2021-09-12T17:46:21","guid":{"rendered":"https:\/\/coloquioeducon.com\/xv\/?p=2658"},"modified":"2021-09-12T14:46:21","modified_gmt":"2021-09-12T17:46:21","slug":"sandro-da-silva-cordeiro","status":"publish","type":"post","link":"https:\/\/coloquioeducon.com\/xvii\/2021\/09\/12\/sandro-da-silva-cordeiro\/","title":{"rendered":"Sandro da Silva Cordeiro"},"content":{"rendered":"\n<figure class=\"wp-block-pullquote\"><blockquote><p><strong>Graduado em Pedagogia pela UFRN. Mestre e Doutor em Educa\u00e7\u00e3o pela UFRN. \u00c9 professor do N\u00facleo de Educa\u00e7\u00e3o da Inf\u00e2ncia, Col\u00e9gio de Aplica\u00e7\u00e3o da UFRN. Atualmente faz est\u00e1gio p\u00f3s-doutoral na UFSC junto ao N\u00facleo Inf\u00e2ncia, Comunica\u00e7\u00e3o, Cultura e Arte (NICA). Coordena projetos de pesquisa e extens\u00e3o ligados ao eixo: M\u00eddia, educa\u00e7\u00e3o, inf\u00e2ncias e forma\u00e7\u00e3o de professores.<\/strong><\/p><\/blockquote><\/figure>\n\n\n\n<ul class=\"wp-block-list\"><li>Pa\u00eds: Brasil<\/li><li>Institui\u00e7\u00e3o: UFRN<\/li><li>Orcid: https:\/\/orcid.org\/ 0000-0001-9331-0072<\/li><li>Lattes: http:\/\/buscatextual.cnpq.br\/buscatextual\/visualizacv.do?id=K4779185Y8<\/li><li>Redes sociais: @sandcord80 &#8211; Instagram<\/li><li>Participa\u00e7\u00e3o: Conferencista<\/li><li>Mesa Redonda Nacional: A aplica\u00e7\u00e3o do Tema de Pesquisa ao ensino de l\u00edngua estrangeira: intera\u00e7\u00f5es poss\u00edveis.<\/li><li>Data: 22\/09\/2021<\/li><li>Hor\u00e1rio: 17h00-18h30<\/li><li>Eixo: 6 Neuroeduca\u00e7\u00e3o, Ensino de Ci\u00eancias Humanas e Sociais e Linguagem<\/li><\/ul>\n","protected":false},"excerpt":{"rendered":"<p>Graduado em Pedagogia pela UFRN. Mestre e Doutor em Educa\u00e7\u00e3o pela UFRN. \u00c9 professor do N\u00facleo de Educa\u00e7\u00e3o da Inf\u00e2ncia, [&hellip;]<\/p>\n","protected":false},"author":2,"featured_media":3052,"comment_status":"open","ping_status":"open","sticky":false,"template":"","format":"standard","meta":{"site-sidebar-layout":"default","site-content-layout":"","ast-site-content-layout":"default","site-content-style":"default","site-sidebar-style":"default","ast-global-header-display":"","ast-banner-title-visibility":"","ast-main-header-display":"","ast-hfb-above-header-display":"","ast-hfb-below-header-display":"","ast-hfb-mobile-header-display":"","site-post-title":"","ast-breadcrumbs-content":"","ast-featured-img":"","footer-sml-layout":"","theme-transparent-header-meta":"","adv-header-id-meta":"","stick-header-meta":"","header-above-stick-meta":"","header-main-stick-meta":"","header-below-stick-meta":"","astra-migrate-meta-layouts":"default","ast-page-background-enabled":"default","ast-page-background-meta":{"desktop":{"background-color":"var(--ast-global-color-5)","background-image":"","background-repeat":"repeat","background-position":"center center","background-size":"auto","background-attachment":"scroll","background-type":"","background-media":"","overlay-type":"","overlay-color":"","overlay-opacity":"","overlay-gradient":""},"tablet":{"background-color":"","background-image":"","background-repeat":"repeat","background-position":"center center","background-size":"auto","background-attachment":"scroll","background-type":"","background-media":"","overlay-type":"","overlay-color":"","overlay-opacity":"","overlay-gradient":""},"mobile":{"background-color":"","background-image":"","background-repeat":"repeat","background-position":"center center","background-size":"auto","background-attachment":"scroll","background-type":"","background-media":"","overlay-type":"","overlay-color":"","overlay-opacity":"","overlay-gradient":""}},"ast-content-background-meta":{"desktop":{"background-color":"var(--ast-global-color-4)","background-image":"","background-repeat":"repeat","background-position":"center center","background-size":"auto","background-attachment":"scroll","background-type":"","background-media":"","overlay-type":"","overlay-color":"","overlay-opacity":"","overlay-gradient":""},"tablet":{"background-color":"var(--ast-global-color-4)","background-image":"","background-repeat":"repeat","background-position":"center center","background-size":"auto","background-attachment":"scroll","background-type":"","background-media":"","overlay-type":"","overlay-color":"","overlay-opacity":"","overlay-gradient":""},"mobile":{"background-color":"var(--ast-global-color-4)","background-image":"","background-repeat":"repeat","background-position":"center center","background-size":"auto","background-attachment":"scroll","background-type":"","background-media":"","overlay-type":"","overlay-color":"","overlay-opacity":"","overlay-gradient":""}},"footnotes":""},"categories":[4],"tags":[43,90,119],"class_list":["post-2658","post","type-post","status-publish","format-standard","has-post-thumbnail","hentry","category-conferencista","tag-6-neuroeducacao-ensino-de-ciencias-humanas-e-sociais-e-linguagem","tag-conferencista-educon2021","tag-educon2021"],"_links":{"self":[{"href":"https:\/\/coloquioeducon.com\/xvii\/wp-json\/wp\/v2\/posts\/2658","targetHints":{"allow":["GET"]}}],"collection":[{"href":"https:\/\/coloquioeducon.com\/xvii\/wp-json\/wp\/v2\/posts"}],"about":[{"href":"https:\/\/coloquioeducon.com\/xvii\/wp-json\/wp\/v2\/types\/post"}],"author":[{"embeddable":true,"href":"https:\/\/coloquioeducon.com\/xvii\/wp-json\/wp\/v2\/users\/2"}],"replies":[{"embeddable":true,"href":"https:\/\/coloquioeducon.com\/xvii\/wp-json\/wp\/v2\/comments?post=2658"}],"version-history":[{"count":0,"href":"https:\/\/coloquioeducon.com\/xvii\/wp-json\/wp\/v2\/posts\/2658\/revisions"}],"wp:featuredmedia":[{"embeddable":true,"href":"https:\/\/coloquioeducon.com\/xvii\/wp-json\/wp\/v2\/media\/3052"}],"wp:attachment":[{"href":"https:\/\/coloquioeducon.com\/xvii\/wp-json\/wp\/v2\/media?parent=2658"}],"wp:term":[{"taxonomy":"category","embeddable":true,"href":"https:\/\/coloquioeducon.com\/xvii\/wp-json\/wp\/v2\/categories?post=2658"},{"taxonomy":"post_tag","embeddable":true,"href":"https:\/\/coloquioeducon.com\/xvii\/wp-json\/wp\/v2\/tags?post=2658"}],"curies":[{"name":"wp","href":"https:\/\/api.w.org\/{rel}","templated":true}]}}