{"id":2642,"date":"2021-09-12T14:40:55","date_gmt":"2021-09-12T17:40:55","guid":{"rendered":"https:\/\/coloquioeducon.com\/xv\/?p=2642"},"modified":"2021-09-12T14:40:55","modified_gmt":"2021-09-12T17:40:55","slug":"ana-maria-klein","status":"publish","type":"post","link":"https:\/\/coloquioeducon.com\/xvii\/2021\/09\/12\/ana-maria-klein\/","title":{"rendered":"Ana Maria Klein"},"content":{"rendered":"\n<figure class=\"wp-block-pullquote\"><blockquote><p>Soci\u00f3loga. Doutora em Ci\u00eancias da Educa\u00e7\u00e3o, Universidade Paris 8. Mestre em Hist\u00f3ria Social, Universidade de S\u00e3o Paulo (USP). Professora Associada da Universidade Federal do Rec\u00f4ncavo da Bahia, Centro de Cultura, Linguagens e Tecnologias Aplicadas (UFRB\/CECULT). Pesquisadora do Grupo de Pesquisa Educa\u00e7\u00e3o e Contemporaneidade (EduCon).<br><\/p><\/blockquote><\/figure>\n\n\n\n<ul class=\"wp-block-list\"><li>Pa\u00eds: Brasil<\/li><li>Institui\u00e7\u00e3o: UNIVERSIDADE FEDERAL DO REC\u00d4NCAVO DA BAHIA<\/li><li>Orcid: https:\/\/orcid.org\/000-0001-9029-3676<\/li><li>Lattes: http:\/\/lattes.cnpq.br\/1789337412917532<\/li><li>Participa\u00e7\u00e3o: Conferencista<\/li><li>Mesa-redonda Internacional: Juventudes, Educa\u00e7\u00e3o e Pandemia: Impactos e perspectivas em tempos de incertezas.<\/li><li>Data: 22\/09\/2021<\/li><li>Hor\u00e1rio: 17h00-18h30<\/li><li>Eixo: 10 Pol\u00edticas de Educa\u00e7\u00e3o Superior<\/li><\/ul>\n","protected":false},"excerpt":{"rendered":"<p>Soci\u00f3loga. Doutora em Ci\u00eancias da Educa\u00e7\u00e3o, Universidade Paris 8. Mestre em Hist\u00f3ria Social, Universidade de S\u00e3o Paulo (USP). Professora Associada [&hellip;]<\/p>\n","protected":false},"author":1,"featured_media":2902,"comment_status":"open","ping_status":"open","sticky":false,"template":"","format":"standard","meta":{"site-sidebar-layout":"default","site-content-layout":"","ast-site-content-layout":"default","site-content-style":"default","site-sidebar-style":"default","ast-global-header-display":"","ast-banner-title-visibility":"","ast-main-header-display":"","ast-hfb-above-header-display":"","ast-hfb-below-header-display":"","ast-hfb-mobile-header-display":"","site-post-title":"","ast-breadcrumbs-content":"","ast-featured-img":"","footer-sml-layout":"","theme-transparent-header-meta":"","adv-header-id-meta":"","stick-header-meta":"","header-above-stick-meta":"","header-main-stick-meta":"","header-below-stick-meta":"","astra-migrate-meta-layouts":"default","ast-page-background-enabled":"default","ast-page-background-meta":{"desktop":{"background-color":"var(--ast-global-color-5)","background-image":"","background-repeat":"repeat","background-position":"center center","background-size":"auto","background-attachment":"scroll","background-type":"","background-media":"","overlay-type":"","overlay-color":"","overlay-opacity":"","overlay-gradient":""},"tablet":{"background-color":"","background-image":"","background-repeat":"repeat","background-position":"center center","background-size":"auto","background-attachment":"scroll","background-type":"","background-media":"","overlay-type":"","overlay-color":"","overlay-opacity":"","overlay-gradient":""},"mobile":{"background-color":"","background-image":"","background-repeat":"repeat","background-position":"center center","background-size":"auto","background-attachment":"scroll","background-type":"","background-media":"","overlay-type":"","overlay-color":"","overlay-opacity":"","overlay-gradient":""}},"ast-content-background-meta":{"desktop":{"background-color":"var(--ast-global-color-4)","background-image":"","background-repeat":"repeat","background-position":"center center","background-size":"auto","background-attachment":"scroll","background-type":"","background-media":"","overlay-type":"","overlay-color":"","overlay-opacity":"","overlay-gradient":""},"tablet":{"background-color":"var(--ast-global-color-4)","background-image":"","background-repeat":"repeat","background-position":"center center","background-size":"auto","background-attachment":"scroll","background-type":"","background-media":"","overlay-type":"","overlay-color":"","overlay-opacity":"","overlay-gradient":""},"mobile":{"background-color":"var(--ast-global-color-4)","background-image":"","background-repeat":"repeat","background-position":"center center","background-size":"auto","background-attachment":"scroll","background-type":"","background-media":"","overlay-type":"","overlay-color":"","overlay-opacity":"","overlay-gradient":""}},"footnotes":""},"categories":[4],"tags":[13,90,119],"class_list":["post-2642","post","type-post","status-publish","format-standard","has-post-thumbnail","hentry","category-conferencista","tag-10-politicas-de-educacao-superior","tag-conferencista-educon2021","tag-educon2021"],"_links":{"self":[{"href":"https:\/\/coloquioeducon.com\/xvii\/wp-json\/wp\/v2\/posts\/2642","targetHints":{"allow":["GET"]}}],"collection":[{"href":"https:\/\/coloquioeducon.com\/xvii\/wp-json\/wp\/v2\/posts"}],"about":[{"href":"https:\/\/coloquioeducon.com\/xvii\/wp-json\/wp\/v2\/types\/post"}],"author":[{"embeddable":true,"href":"https:\/\/coloquioeducon.com\/xvii\/wp-json\/wp\/v2\/users\/1"}],"replies":[{"embeddable":true,"href":"https:\/\/coloquioeducon.com\/xvii\/wp-json\/wp\/v2\/comments?post=2642"}],"version-history":[{"count":0,"href":"https:\/\/coloquioeducon.com\/xvii\/wp-json\/wp\/v2\/posts\/2642\/revisions"}],"wp:featuredmedia":[{"embeddable":true,"href":"https:\/\/coloquioeducon.com\/xvii\/wp-json\/wp\/v2\/media\/2902"}],"wp:attachment":[{"href":"https:\/\/coloquioeducon.com\/xvii\/wp-json\/wp\/v2\/media?parent=2642"}],"wp:term":[{"taxonomy":"category","embeddable":true,"href":"https:\/\/coloquioeducon.com\/xvii\/wp-json\/wp\/v2\/categories?post=2642"},{"taxonomy":"post_tag","embeddable":true,"href":"https:\/\/coloquioeducon.com\/xvii\/wp-json\/wp\/v2\/tags?post=2642"}],"curies":[{"name":"wp","href":"https:\/\/api.w.org\/{rel}","templated":true}]}}