{"id":2635,"date":"2021-09-12T14:39:26","date_gmt":"2021-09-12T17:39:26","guid":{"rendered":"https:\/\/coloquioeducon.com\/xv\/?p=2635"},"modified":"2021-09-12T14:39:26","modified_gmt":"2021-09-12T17:39:26","slug":"alessandro-cury-soares","status":"publish","type":"post","link":"https:\/\/coloquioeducon.com\/xvii\/2021\/09\/12\/alessandro-cury-soares\/","title":{"rendered":"Alessandro Cury Soares"},"content":{"rendered":"\n<figure class=\"wp-block-pullquote\"><blockquote><p><strong>Professor Adjunto na Universidade Federal de Pelotas. Possui gradua\u00e7\u00e3o em Bacharelado em qu\u00edmica pela Universidade Federal de Pelotas (2002), gradua\u00e7\u00e3o em Licenciatura em Qu\u00edmica pela Universidade Federal de Pelotas (2002) e mestrado em Educa\u00e7\u00e3o em Ci\u00eancias Qu\u00ecmica da Vida e Sa\u00fade ( Ufsm &#8211; Furg) pela Universidade Federal do Rio Grande do Sul (2010) e Doutorado em Educa\u00e7\u00e3o em Ci\u00eancias:Qu\u00edmica da vida e sa\u00fade (UFRGS- furg-ufsm) pela Universidade Federal do Rio Grande do Sul (2016). Atua como Professor Permanente junto ao Programa de P\u00f3s-Gradua\u00e7\u00e3o em Educa\u00e7\u00e3o em Ci\u00eancias da Universidade Federal do Rio Grande do Sul.<\/strong><\/p><\/blockquote><\/figure>\n\n\n\n<ul class=\"wp-block-list\"><li>Pa\u00eds: Brasil<\/li><li>Institui\u00e7\u00e3o: Universidade Federal de Pelotas<\/li><li>Orcid: https:\/\/orcid.org\/0000-0002-1221-8299<\/li><li>Lattes: http:\/\/lattes.cnpq.br\/8512050912247402<\/li><li>Redes sociais:<\/li><li>Webpage:<\/li><li>Outras informa\u00e7\u00f5es:<\/li><li>Participa\u00e7\u00e3o: Conferencista<\/li><li>Mesa Redonda Nacional: Culturas e subjetividades na Educa\u00e7\u00e3o em Ci\u00eancias .<\/li><li>Data: 23\/09\/2021<\/li><li>Hor\u00e1rio: 19h00-20h30<\/li><li>Eixo: 5 Ensino de Matem\u00e1tica e Ci\u00eancias da Natureza<\/li><\/ul>\n","protected":false},"excerpt":{"rendered":"<p>Professor Adjunto na Universidade Federal de Pelotas. Possui gradua\u00e7\u00e3o em Bacharelado em qu\u00edmica pela Universidade Federal de Pelotas (2002), gradua\u00e7\u00e3o [&hellip;]<\/p>\n","protected":false},"author":2,"featured_media":2895,"comment_status":"open","ping_status":"open","sticky":false,"template":"","format":"standard","meta":{"site-sidebar-layout":"default","site-content-layout":"","ast-site-content-layout":"default","site-content-style":"default","site-sidebar-style":"default","ast-global-header-display":"","ast-banner-title-visibility":"","ast-main-header-display":"","ast-hfb-above-header-display":"","ast-hfb-below-header-display":"","ast-hfb-mobile-header-display":"","site-post-title":"","ast-breadcrumbs-content":"","ast-featured-img":"","footer-sml-layout":"","theme-transparent-header-meta":"","adv-header-id-meta":"","stick-header-meta":"","header-above-stick-meta":"","header-main-stick-meta":"","header-below-stick-meta":"","astra-migrate-meta-layouts":"default","ast-page-background-enabled":"default","ast-page-background-meta":{"desktop":{"background-color":"var(--ast-global-color-5)","background-image":"","background-repeat":"repeat","background-position":"center center","background-size":"auto","background-attachment":"scroll","background-type":"","background-media":"","overlay-type":"","overlay-color":"","overlay-opacity":"","overlay-gradient":""},"tablet":{"background-color":"","background-image":"","background-repeat":"repeat","background-position":"center center","background-size":"auto","background-attachment":"scroll","background-type":"","background-media":"","overlay-type":"","overlay-color":"","overlay-opacity":"","overlay-gradient":""},"mobile":{"background-color":"","background-image":"","background-repeat":"repeat","background-position":"center center","background-size":"auto","background-attachment":"scroll","background-type":"","background-media":"","overlay-type":"","overlay-color":"","overlay-opacity":"","overlay-gradient":""}},"ast-content-background-meta":{"desktop":{"background-color":"var(--ast-global-color-4)","background-image":"","background-repeat":"repeat","background-position":"center center","background-size":"auto","background-attachment":"scroll","background-type":"","background-media":"","overlay-type":"","overlay-color":"","overlay-opacity":"","overlay-gradient":""},"tablet":{"background-color":"var(--ast-global-color-4)","background-image":"","background-repeat":"repeat","background-position":"center center","background-size":"auto","background-attachment":"scroll","background-type":"","background-media":"","overlay-type":"","overlay-color":"","overlay-opacity":"","overlay-gradient":""},"mobile":{"background-color":"var(--ast-global-color-4)","background-image":"","background-repeat":"repeat","background-position":"center center","background-size":"auto","background-attachment":"scroll","background-type":"","background-media":"","overlay-type":"","overlay-color":"","overlay-opacity":"","overlay-gradient":""}},"footnotes":""},"categories":[4],"tags":[90,119],"class_list":["post-2635","post","type-post","status-publish","format-standard","has-post-thumbnail","hentry","category-conferencista","tag-conferencista-educon2021","tag-educon2021"],"_links":{"self":[{"href":"https:\/\/coloquioeducon.com\/xvii\/wp-json\/wp\/v2\/posts\/2635","targetHints":{"allow":["GET"]}}],"collection":[{"href":"https:\/\/coloquioeducon.com\/xvii\/wp-json\/wp\/v2\/posts"}],"about":[{"href":"https:\/\/coloquioeducon.com\/xvii\/wp-json\/wp\/v2\/types\/post"}],"author":[{"embeddable":true,"href":"https:\/\/coloquioeducon.com\/xvii\/wp-json\/wp\/v2\/users\/2"}],"replies":[{"embeddable":true,"href":"https:\/\/coloquioeducon.com\/xvii\/wp-json\/wp\/v2\/comments?post=2635"}],"version-history":[{"count":0,"href":"https:\/\/coloquioeducon.com\/xvii\/wp-json\/wp\/v2\/posts\/2635\/revisions"}],"wp:featuredmedia":[{"embeddable":true,"href":"https:\/\/coloquioeducon.com\/xvii\/wp-json\/wp\/v2\/media\/2895"}],"wp:attachment":[{"href":"https:\/\/coloquioeducon.com\/xvii\/wp-json\/wp\/v2\/media?parent=2635"}],"wp:term":[{"taxonomy":"category","embeddable":true,"href":"https:\/\/coloquioeducon.com\/xvii\/wp-json\/wp\/v2\/categories?post=2635"},{"taxonomy":"post_tag","embeddable":true,"href":"https:\/\/coloquioeducon.com\/xvii\/wp-json\/wp\/v2\/tags?post=2635"}],"curies":[{"name":"wp","href":"https:\/\/api.w.org\/{rel}","templated":true}]}}