{"id":2633,"date":"2021-09-12T14:38:37","date_gmt":"2021-09-12T17:38:37","guid":{"rendered":"https:\/\/coloquioeducon.com\/xv\/?p=2633"},"modified":"2021-09-12T14:38:37","modified_gmt":"2021-09-12T17:38:37","slug":"alain-coulon","status":"publish","type":"post","link":"https:\/\/coloquioeducon.com\/xvii\/2021\/09\/12\/alain-coulon\/","title":{"rendered":"Alain Coulon"},"content":{"rendered":"\n<figure class=\"wp-block-pullquote\"><blockquote><p><strong>Professor titular em Ci\u00eancias da Educa\u00e7\u00e3o na Universidade Paris 8 desde 1990, agora um professor honor\u00e1rio. Professor visitante da UFBA, Faculdade de Medecina, PPGSAT. Doutor em Ci\u00eancias da Educa\u00e7\u00e3o, Universidade Paris 8, 1975. Doutorado de Estado em Letras e Ci\u00eancias Humanas, 1990. Diretor do Centro de Inicia\u00e7\u00e3o ao Ensino Superior da Sorbonne (1998-2004). Diretor Geral do Centro Nacional de Documenta\u00e7\u00e3o Pedag\u00f3gica (2004-2005). Diretor da Estrat\u00e9gia para o Ensino Superior e Inser\u00e7\u00e3o Profissional do Minist\u00e9rio do Ensino Superior e da Pesquisa da Fran\u00e7a (2009-2012). Membro da Comiss\u00e3o Nacional Francesa para UNESCO desde 2004. Autor de v\u00e1rios livros publicados e traduzidos em diversas l\u00ednguas estrangeiras, v\u00e1rios artigos, relat\u00f3rios de pesquisa e comunica\u00e7\u00f5es. Professor convidado em diferentes pa\u00edses e universidades (Brasil, It\u00e1lia, Jap\u00e3o, Estados Unidos, Espanha, Su\u00ed\u00e7a, B\u00e9lgica, Tun\u00edsia, Alg\u00e9ria, China, Corea). J\u00e1 orientou muitos mestrados e doutorados na Fran\u00e7a. Principais \u00e1reas de pesquisa: sociologia, sociologia da educa\u00e7\u00e3o, ensino superior, etnometodologia, etnografia, m\u00e9todos qualitativos.<\/strong><\/p><\/blockquote><\/figure>\n\n\n\n<p><\/p>\n\n\n\n<ul class=\"wp-block-list\"><li>Pa\u00eds: Francia e Brasil<\/li><li>Institui\u00e7\u00e3o: Univ. Paris 8 e UFBA Faculdade de Medecina, PPGSAT<\/li><li>Orcid: https:\/\/orcid.org\/0000-0001-5354-101X<\/li><li>Lattes: http:\/\/lattes.cnpq.br\/2094179944359123<\/li><li>Participa\u00e7\u00e3o: Conferencista<\/li><li>Mesa-redonda Internacional: Sa\u00fade e Humanidades: di\u00e1logos entre etno-pesquisas, pandemia Covid-19 e educa\u00e7\u00e3o..<\/li><li>Data: 24\/09\/2021<\/li><li>Hor\u00e1rio: 15h30-17h00<\/li><li>Eixo: 13 Educa\u00e7\u00e3o e Sa\u00fade<\/li><\/ul>\n","protected":false},"excerpt":{"rendered":"<p>Professor titular em Ci\u00eancias da Educa\u00e7\u00e3o na Universidade Paris 8 desde 1990, agora um professor honor\u00e1rio. Professor visitante da UFBA, [&hellip;]<\/p>\n","protected":false},"author":2,"featured_media":2887,"comment_status":"open","ping_status":"open","sticky":false,"template":"","format":"standard","meta":{"site-sidebar-layout":"default","site-content-layout":"","ast-site-content-layout":"default","site-content-style":"default","site-sidebar-style":"default","ast-global-header-display":"","ast-banner-title-visibility":"","ast-main-header-display":"","ast-hfb-above-header-display":"","ast-hfb-below-header-display":"","ast-hfb-mobile-header-display":"","site-post-title":"","ast-breadcrumbs-content":"","ast-featured-img":"","footer-sml-layout":"","theme-transparent-header-meta":"","adv-header-id-meta":"","stick-header-meta":"","header-above-stick-meta":"","header-main-stick-meta":"","header-below-stick-meta":"","astra-migrate-meta-layouts":"default","ast-page-background-enabled":"default","ast-page-background-meta":{"desktop":{"background-color":"var(--ast-global-color-5)","background-image":"","background-repeat":"repeat","background-position":"center center","background-size":"auto","background-attachment":"scroll","background-type":"","background-media":"","overlay-type":"","overlay-color":"","overlay-opacity":"","overlay-gradient":""},"tablet":{"background-color":"","background-image":"","background-repeat":"repeat","background-position":"center center","background-size":"auto","background-attachment":"scroll","background-type":"","background-media":"","overlay-type":"","overlay-color":"","overlay-opacity":"","overlay-gradient":""},"mobile":{"background-color":"","background-image":"","background-repeat":"repeat","background-position":"center center","background-size":"auto","background-attachment":"scroll","background-type":"","background-media":"","overlay-type":"","overlay-color":"","overlay-opacity":"","overlay-gradient":""}},"ast-content-background-meta":{"desktop":{"background-color":"var(--ast-global-color-4)","background-image":"","background-repeat":"repeat","background-position":"center center","background-size":"auto","background-attachment":"scroll","background-type":"","background-media":"","overlay-type":"","overlay-color":"","overlay-opacity":"","overlay-gradient":""},"tablet":{"background-color":"var(--ast-global-color-4)","background-image":"","background-repeat":"repeat","background-position":"center center","background-size":"auto","background-attachment":"scroll","background-type":"","background-media":"","overlay-type":"","overlay-color":"","overlay-opacity":"","overlay-gradient":""},"mobile":{"background-color":"var(--ast-global-color-4)","background-image":"","background-repeat":"repeat","background-position":"center center","background-size":"auto","background-attachment":"scroll","background-type":"","background-media":"","overlay-type":"","overlay-color":"","overlay-opacity":"","overlay-gradient":""}},"footnotes":""},"categories":[4],"tags":[18,90,119],"class_list":["post-2633","post","type-post","status-publish","format-standard","has-post-thumbnail","hentry","category-conferencista","tag-13-educacao-e-saude","tag-conferencista-educon2021","tag-educon2021"],"_links":{"self":[{"href":"https:\/\/coloquioeducon.com\/xvii\/wp-json\/wp\/v2\/posts\/2633","targetHints":{"allow":["GET"]}}],"collection":[{"href":"https:\/\/coloquioeducon.com\/xvii\/wp-json\/wp\/v2\/posts"}],"about":[{"href":"https:\/\/coloquioeducon.com\/xvii\/wp-json\/wp\/v2\/types\/post"}],"author":[{"embeddable":true,"href":"https:\/\/coloquioeducon.com\/xvii\/wp-json\/wp\/v2\/users\/2"}],"replies":[{"embeddable":true,"href":"https:\/\/coloquioeducon.com\/xvii\/wp-json\/wp\/v2\/comments?post=2633"}],"version-history":[{"count":0,"href":"https:\/\/coloquioeducon.com\/xvii\/wp-json\/wp\/v2\/posts\/2633\/revisions"}],"wp:featuredmedia":[{"embeddable":true,"href":"https:\/\/coloquioeducon.com\/xvii\/wp-json\/wp\/v2\/media\/2887"}],"wp:attachment":[{"href":"https:\/\/coloquioeducon.com\/xvii\/wp-json\/wp\/v2\/media?parent=2633"}],"wp:term":[{"taxonomy":"category","embeddable":true,"href":"https:\/\/coloquioeducon.com\/xvii\/wp-json\/wp\/v2\/categories?post=2633"},{"taxonomy":"post_tag","embeddable":true,"href":"https:\/\/coloquioeducon.com\/xvii\/wp-json\/wp\/v2\/tags?post=2633"}],"curies":[{"name":"wp","href":"https:\/\/api.w.org\/{rel}","templated":true}]}}